{"id":43905,"date":"2025-05-09T07:25:14","date_gmt":"2025-05-09T05:25:14","guid":{"rendered":"https:\/\/guiarepuestos.com\/?p=43905"},"modified":"2025-05-09T07:25:14","modified_gmt":"2025-05-09T05:25:14","slug":"el-ford-fiesta-podria-volver-con-alma-alemana","status":"publish","type":"post","link":"https:\/\/guiarepuestos.com\/index.php\/2025\/05\/09\/el-ford-fiesta-podria-volver-con-alma-alemana\/","title":{"rendered":"El Ford Fiesta podr\u00eda volver con alma alemana"},"content":{"rendered":"<p style=\"text-align: justify;\">En 2019,&nbsp;<strong>Ford&nbsp;<\/strong>dej&oacute; de producir el&nbsp;<strong>Fiesta&nbsp;<\/strong>en <a href=\"https:\/\/guiarepuestos.com\/index.php\/2019\/08\/11\/cierran-una-fabrica-brasilena-que-producia-bajo-pedido-copias-de-superdeportivos-ferrari-y-lamborghini\/\">Brasil<\/a>, por lo que&nbsp;se dej&oacute; de comercializar en <a href=\"https:\/\/guiarepuestos.com\/index.php\/2024\/10\/06\/produccion-de-autos-en-argentina-corto-racha-positiva-de-tres-meses\/\">Argentina<\/a>,&nbsp;y si bien&nbsp;<strong>en <a href=\"https:\/\/guiarepuestos.com\/index.php\/2024\/07\/28\/renault-twingo-la-nueva-generacion-se-fabricara-en-europa\/\">Europa<\/a> hubo una nueva generaci&oacute;n<\/strong>, no lleg&oacute; a&nbsp;nuestro pa&iacute;s, y tampoco es que haya sido muy exitosa, ya que&nbsp;la era de los&nbsp;<strong>SUV&nbsp;<\/strong>hizo que su popularidad cayera hasta el punto&nbsp;que&nbsp;la marca dejara de producirlo y decidiera&nbsp;reemplazarlo por el&nbsp;Puma, un crossover del segmento B.<\/p>\n<p style=\"text-align: justify;\">Afortunadamente, para los fan&aacute;ticos de los <a href=\"https:\/\/guiarepuestos.com\/index.php\/2025\/02\/09\/policlinica-tachira-cautiva-a-los-amantes-de-los-autos-clasicos-en-su-exposicion-anual\/\">autos<\/a> y del&nbsp;<strong><a href=\"https:\/\/guiarepuestos.com\/index.php\/2024\/08\/18\/ford-resucitara-el-fiesta-convertido-en-electrico-y-con-diseno-retro\/\">Fiesta<\/a><\/strong>, ahora llegan&nbsp;rumores que apuntan a que&nbsp;<strong>la firma&nbsp;estadounidense&nbsp;podr&iacute;a revivir aquel ic&oacute;nico nombre,&nbsp;<\/strong>y lo har&iacute;a siguiendo una estrategia muy interesante. A continuaci&oacute;n, te contamos todo lo que se dice.<\/p>\n<p><img loading=\"lazy\" decoding=\"async\" class=\"alignnone size-full wp-image-43907\" src=\"https:\/\/guiarepuestos.com\/wp-content\/uploads\/2025\/05\/NPAZ_e4de999e29a843d3a5af6a6d1f941833.webp\" alt=\"\" width=\"912\" height=\"650\" srcset=\"https:\/\/guiarepuestos.com\/wp-content\/uploads\/2025\/05\/NPAZ_e4de999e29a843d3a5af6a6d1f941833.webp 912w, https:\/\/guiarepuestos.com\/wp-content\/uploads\/2025\/05\/NPAZ_e4de999e29a843d3a5af6a6d1f941833-300x214.webp 300w, https:\/\/guiarepuestos.com\/wp-content\/uploads\/2025\/05\/NPAZ_e4de999e29a843d3a5af6a6d1f941833-768x547.webp 768w, https:\/\/guiarepuestos.com\/wp-content\/uploads\/2025\/05\/NPAZ_e4de999e29a843d3a5af6a6d1f941833-800x570.webp 800w, https:\/\/guiarepuestos.com\/wp-content\/uploads\/2025\/05\/NPAZ_e4de999e29a843d3a5af6a6d1f941833-150x107.webp 150w, https:\/\/guiarepuestos.com\/wp-content\/uploads\/2025\/05\/NPAZ_e4de999e29a843d3a5af6a6d1f941833-696x496.webp 696w, https:\/\/guiarepuestos.com\/wp-content\/uploads\/2025\/05\/NPAZ_e4de999e29a843d3a5af6a6d1f941833-100x70.webp 100w, https:\/\/guiarepuestos.com\/wp-content\/uploads\/2025\/05\/NPAZ_e4de999e29a843d3a5af6a6d1f941833-600x428.webp 600w\" sizes=\"auto, (max-width: 912px) 100vw, 912px\"\/><\/p>\n<p style=\"text-align: justify;\">Los rumores llegan desde&nbsp;<strong>Europa<\/strong>, donde se dice&nbsp;que&nbsp;<strong>Ford&nbsp;<\/strong>aprovechar&iacute;a su alianza con&nbsp;<strong><a href=\"https:\/\/guiarepuestos.com\/index.php\/2019\/01\/08\/volkswagen-restaura-un-beetle-de-1967-utilizado-a-diario-por-su-duena-durante-51-anos-y-560-000-km\/\">Volkswagen<\/a><\/strong>&nbsp;para hacer una nueva generaci&oacute;n del&nbsp;<strong>Fiesta<\/strong>, siguiendo la misma estrategia que con los&nbsp;Ford <a href=\"https:\/\/guiarepuestos.com\/index.php\/2025\/02\/10\/ford-explorer-2025-llego-a-colombia-disponible-en-tres-versiones\/\">Explorer<\/a> EV&nbsp;y&nbsp;Capri, es decir, usando las&nbsp;<strong>plataformas de la marca alemana&nbsp;<\/strong>para construir su &laquo;propio&raquo; producto.<\/p>\n<p style=\"text-align: justify;\">La&nbsp;<strong>alianza&nbsp;<\/strong>entre ambas <a href=\"https:\/\/guiarepuestos.com\/index.php\/2024\/10\/06\/marcas-chinas-dominan-el-mercado-automotriz-chileno-en-2024\/\">marcas<\/a> rindi&oacute; bastantes frutos, ya que&nbsp;<strong><a href=\"https:\/\/guiarepuestos.com\/index.php\/2018\/06\/02\/el-gt500cs-de-520-cv-es-el-ford-mustang-de-1967-con-el-que-siempre-has-sonado\/\">Ford<\/a><\/strong>&nbsp;ayud&oacute;&nbsp;a crear la nueva generaci&oacute;n de la&nbsp;<strong>VW Amarok (europea)&nbsp;<\/strong>con la plataforma de la nueva&nbsp;<strong><a href=\"https:\/\/guiarepuestos.com\/index.php\/2025\/02\/20\/el-prototipo-de-la-que-habria-sido-la-pick-up-v8-mas-bestia-de-ford-llevaba-20-anos-desaparecida-ha-aparecido-a-la-venta-en-facebook-y-esta-perfecta\/\">Ranger<\/a><\/strong>, mientras que la firma del &oacute;valo&nbsp;adopt&oacute; la&nbsp;<strong>plataforma MEB de Volkswagen&nbsp;<\/strong>para darle vida a los dos modelos anteriormente mencionados.<\/p>\n<p style=\"text-align: justify;\">Seg&uacute;n&nbsp;Auto Express, la continuaci&oacute;n de la&nbsp;<strong>colaboraci&oacute;n&nbsp;<\/strong>con un regreso del&nbsp;<strong>Fiesta&nbsp;<\/strong>es m&aacute;s que factible, e incluso citan a un ejecutivo&nbsp;de&nbsp;<strong>Ford,&nbsp;<\/strong>quien habr&iacute;a dicho&nbsp;que la marca est&aacute; siempre atenta a los&nbsp;<strong>segmentos&nbsp;<\/strong>donde mejor podr&iacute;an competir, y a las&nbsp;<strong>estrategias <\/strong>que podr&iacute;an usar para lograr su objetivo.<\/p>\n<p><img loading=\"lazy\" decoding=\"async\" class=\"alignnone size-full wp-image-43908\" src=\"https:\/\/guiarepuestos.com\/wp-content\/uploads\/2025\/05\/NPAZ_2cf5a27cc0874471b64239dd586d42d6.webp\" alt=\"\" width=\"912\" height=\"652\" srcset=\"https:\/\/guiarepuestos.com\/wp-content\/uploads\/2025\/05\/NPAZ_2cf5a27cc0874471b64239dd586d42d6.webp 912w, https:\/\/guiarepuestos.com\/wp-content\/uploads\/2025\/05\/NPAZ_2cf5a27cc0874471b64239dd586d42d6-300x214.webp 300w, https:\/\/guiarepuestos.com\/wp-content\/uploads\/2025\/05\/NPAZ_2cf5a27cc0874471b64239dd586d42d6-768x549.webp 768w, https:\/\/guiarepuestos.com\/wp-content\/uploads\/2025\/05\/NPAZ_2cf5a27cc0874471b64239dd586d42d6-800x572.webp 800w, https:\/\/guiarepuestos.com\/wp-content\/uploads\/2025\/05\/NPAZ_2cf5a27cc0874471b64239dd586d42d6-150x107.webp 150w, https:\/\/guiarepuestos.com\/wp-content\/uploads\/2025\/05\/NPAZ_2cf5a27cc0874471b64239dd586d42d6-696x498.webp 696w, https:\/\/guiarepuestos.com\/wp-content\/uploads\/2025\/05\/NPAZ_2cf5a27cc0874471b64239dd586d42d6-100x70.webp 100w, https:\/\/guiarepuestos.com\/wp-content\/uploads\/2025\/05\/NPAZ_2cf5a27cc0874471b64239dd586d42d6-600x429.webp 600w\" sizes=\"auto, (max-width: 912px) 100vw, 912px\"\/><\/p>\n<p style=\"text-align: justify;\">Por otro lado, no hay que olvidar&nbsp;que&nbsp;<strong>Ford&nbsp;<\/strong>ya estaba&nbsp;trabajando en la creaci&oacute;n de una&nbsp;<strong>nueva plataforma para&nbsp;autos el&eacute;ctricos compactos<\/strong>&nbsp;<strong>y urbanos<\/strong>, por lo que&nbsp;esa arquitectura se podr&iacute;a usar para &laquo;revivir el Fiesta&raquo;, aunque no hay confirmaciones sobre su regreso.<\/p>\n<p style=\"text-align: justify;\">Por el lado de&nbsp;<strong>Volkswagen,<\/strong>&nbsp;se sabe que pr&oacute;ximamente se presentar&aacute; el&nbsp;<strong>ID.2<\/strong>, una especie de&nbsp;<em>&laquo;<\/em><strong><em>Polo el&eacute;ctrico&raquo;,<\/em>&nbsp;<\/strong>que ser&iacute;a tan solo 18 mm m&aacute;s grande que el &uacute;ltimo&nbsp;<strong>Fiesta<\/strong>&nbsp;que estuvo en producci&oacute;n. La&nbsp;<strong>plataforma del ID.2&nbsp;<\/strong>no solo ser&aacute; usada por&nbsp;<strong>VW<\/strong>, sino tambi&eacute;n por&nbsp;<strong>Skoda y Cupra.<\/strong><\/p>\n<p style=\"text-align: justify;\">Creemos que&nbsp;<strong>Ford&nbsp;<\/strong>podr&iacute;a ofrecer un&nbsp;<strong>nuevo Fiesta&nbsp;<\/strong>en mercados donde&nbsp;<strong>Skoda<\/strong>,&nbsp;<strong>Cupra&nbsp;<\/strong>o&nbsp;<strong>VW&nbsp;<\/strong>no tengan una presencia fuerte en ese segmento, para no &laquo;robar&raquo; <a href=\"https:\/\/guiarepuestos.com\/index.php\/2024\/04\/12\/produccion-de-vehiculos-en-venezuela-crecio-20-en-el-primer-trimestre-del-2024\/\">ventas<\/a>, pero aun as&iacute;, hay&nbsp;que recordar que toda la informaci&oacute;n es parte de un&nbsp;<strong>rumor<\/strong>, ya que ninguna de las dos marcas anunci&oacute; una expansi&oacute;n de la&nbsp;colaboraci&oacute;n a&nbsp;un nuevo segmento. Por ahora, quedar&aacute; esperar y&nbsp;<strong>calmar la ansiedad.<\/strong><\/p>\n<p style=\"text-align: justify;\">Fuente: noticias.autocosmos.com.ar<\/p>\n","protected":false},"excerpt":{"rendered":"<p>En 2019,&nbsp;Ford&nbsp;dej&oacute; de producir el&nbsp;Fiesta&nbsp;en Brasil, por lo que&nbsp;se dej&oacute; de comercializar en Argentina,&nbsp;y si bien&nbsp;en Europa hubo una nueva generaci&oacute;n, no lleg&oacute; a&nbsp;nuestro pa&iacute;s, y tampoco es que haya sido muy exitosa, ya que&nbsp;la era de los&nbsp;SUV&nbsp;hizo que su popularidad cayera hasta el punto&nbsp;que&nbsp;la marca dejara de producirlo y decidiera&nbsp;reemplazarlo por el&nbsp;Puma, un crossover<\/p>\n","protected":false},"author":1,"featured_media":43906,"comment_status":"open","ping_status":"open","sticky":false,"template":"","format":"standard","meta":{"wp_mapbox_gl_js_media":[],"_ayudawp_aiss_exclude":false,"footnotes":""},"categories":[181,174],"tags":[604,189,1196],"class_list":{"0":"post-43905","1":"post","2":"type-post","3":"status-publish","4":"format-standard","5":"has-post-thumbnail","7":"category-industria","8":"category-noticias","9":"tag-fiesta","10":"tag-ford","11":"tag-alemania"},"yoast_head":"<!-- This site is optimized with the Yoast SEO plugin v27.5 - https:\/\/yoast.com\/product\/yoast-seo-wordpress\/ -->\n<title>El Ford Fiesta podr\u00eda volver con alma alemana - guiarepuestos<\/title>\n<meta name=\"description\" content=\"En 2019, Ford dej\u00f3 de producir el Fiesta en Brasil, por lo que se dej\u00f3 de comercializar en Argentina, y si bien en Europa hubo una nueva...\" \/>\n<meta name=\"robots\" content=\"index, follow, max-snippet:-1, max-image-preview:large, max-video-preview:-1\" \/>\n<link rel=\"canonical\" href=\"https:\/\/guiarepuestos.com\/index.php\/2025\/05\/09\/el-ford-fiesta-podria-volver-con-alma-alemana\/\" \/>\n<meta property=\"og:locale\" content=\"es_ES\" \/>\n<meta property=\"og:type\" content=\"article\" \/>\n<meta property=\"og:title\" content=\"El Ford Fiesta podr\u00eda volver con alma alemana - guiarepuestos\" \/>\n<meta property=\"og:description\" content=\"En 2019, Ford dej\u00f3 de producir el Fiesta en Brasil, por lo que se dej\u00f3 de comercializar en Argentina, y si bien en Europa hubo una nueva...\" \/>\n<meta property=\"og:url\" content=\"https:\/\/guiarepuestos.com\/index.php\/2025\/05\/09\/el-ford-fiesta-podria-volver-con-alma-alemana\/\" \/>\n<meta property=\"og:site_name\" content=\"guiarepuestos\" \/>\n<meta property=\"article:publisher\" content=\"https:\/\/www.facebook.com\/guiarepuestosweb\" \/>\n<meta property=\"article:published_time\" content=\"2025-05-09T05:25:14+00:00\" \/>\n<meta property=\"og:image\" content=\"https:\/\/guiarepuestos.com\/wp-content\/uploads\/2025\/05\/NAZ_e887c53099bf499a849015c5df45492e.webp\" \/>\n\t<meta property=\"og:image:width\" content=\"1600\" \/>\n\t<meta property=\"og:image:height\" content=\"900\" \/>\n\t<meta property=\"og:image:type\" content=\"image\/webp\" \/>\n<meta name=\"author\" content=\"administrador\" \/>\n<meta name=\"twitter:card\" content=\"summary_large_image\" \/>\n<meta name=\"twitter:creator\" content=\"@guiarepuestos\" \/>\n<meta name=\"twitter:site\" content=\"@guiarepuestos\" \/>\n<meta name=\"twitter:label1\" content=\"Escrito por\" \/>\n\t<meta name=\"twitter:data1\" content=\"administrador\" \/>\n\t<meta name=\"twitter:label2\" content=\"Tiempo de lectura\" \/>\n\t<meta name=\"twitter:data2\" content=\"3 minutos\" \/>\n<script type=\"application\/ld+json\" class=\"yoast-schema-graph\">{\"@context\":\"https:\\\/\\\/schema.org\",\"@graph\":[{\"@type\":\"Article\",\"@id\":\"https:\\\/\\\/guiarepuestos.com\\\/index.php\\\/2025\\\/05\\\/09\\\/el-ford-fiesta-podria-volver-con-alma-alemana\\\/#article\",\"isPartOf\":{\"@id\":\"https:\\\/\\\/guiarepuestos.com\\\/index.php\\\/2025\\\/05\\\/09\\\/el-ford-fiesta-podria-volver-con-alma-alemana\\\/\"},\"author\":{\"name\":\"administrador\",\"@id\":\"https:\\\/\\\/guiarepuestos.com\\\/#\\\/schema\\\/person\\\/fdee817b310ec251c8e15193998046bd\"},\"headline\":\"El Ford Fiesta podr\u00eda volver con alma alemana\",\"datePublished\":\"2025-05-09T05:25:14+00:00\",\"mainEntityOfPage\":{\"@id\":\"https:\\\/\\\/guiarepuestos.com\\\/index.php\\\/2025\\\/05\\\/09\\\/el-ford-fiesta-podria-volver-con-alma-alemana\\\/\"},\"wordCount\":468,\"commentCount\":0,\"publisher\":{\"@id\":\"https:\\\/\\\/guiarepuestos.com\\\/#organization\"},\"image\":{\"@id\":\"https:\\\/\\\/guiarepuestos.com\\\/index.php\\\/2025\\\/05\\\/09\\\/el-ford-fiesta-podria-volver-con-alma-alemana\\\/#primaryimage\"},\"thumbnailUrl\":\"https:\\\/\\\/guiarepuestos.com\\\/wp-content\\\/uploads\\\/2025\\\/05\\\/NAZ_e887c53099bf499a849015c5df45492e.webp\",\"keywords\":[\"#Fiesta\",\"#Ford\",\"Alemania\"],\"articleSection\":[\"Industria\",\"Noticias\"],\"inLanguage\":\"es\",\"potentialAction\":[{\"@type\":\"CommentAction\",\"name\":\"Comment\",\"target\":[\"https:\\\/\\\/guiarepuestos.com\\\/index.php\\\/2025\\\/05\\\/09\\\/el-ford-fiesta-podria-volver-con-alma-alemana\\\/#respond\"]}]},{\"@type\":\"WebPage\",\"@id\":\"https:\\\/\\\/guiarepuestos.com\\\/index.php\\\/2025\\\/05\\\/09\\\/el-ford-fiesta-podria-volver-con-alma-alemana\\\/\",\"url\":\"https:\\\/\\\/guiarepuestos.com\\\/index.php\\\/2025\\\/05\\\/09\\\/el-ford-fiesta-podria-volver-con-alma-alemana\\\/\",\"name\":\"El Ford Fiesta podr\u00eda volver con alma alemana - guiarepuestos\",\"isPartOf\":{\"@id\":\"https:\\\/\\\/guiarepuestos.com\\\/#website\"},\"primaryImageOfPage\":{\"@id\":\"https:\\\/\\\/guiarepuestos.com\\\/index.php\\\/2025\\\/05\\\/09\\\/el-ford-fiesta-podria-volver-con-alma-alemana\\\/#primaryimage\"},\"image\":{\"@id\":\"https:\\\/\\\/guiarepuestos.com\\\/index.php\\\/2025\\\/05\\\/09\\\/el-ford-fiesta-podria-volver-con-alma-alemana\\\/#primaryimage\"},\"thumbnailUrl\":\"https:\\\/\\\/guiarepuestos.com\\\/wp-content\\\/uploads\\\/2025\\\/05\\\/NAZ_e887c53099bf499a849015c5df45492e.webp\",\"datePublished\":\"2025-05-09T05:25:14+00:00\",\"description\":\"En 2019, Ford dej\u00f3 de producir el Fiesta en Brasil, por lo que se dej\u00f3 de comercializar en Argentina, y si bien en Europa hubo una nueva...\",\"breadcrumb\":{\"@id\":\"https:\\\/\\\/guiarepuestos.com\\\/index.php\\\/2025\\\/05\\\/09\\\/el-ford-fiesta-podria-volver-con-alma-alemana\\\/#breadcrumb\"},\"inLanguage\":\"es\",\"potentialAction\":[{\"@type\":\"ReadAction\",\"target\":[\"https:\\\/\\\/guiarepuestos.com\\\/index.php\\\/2025\\\/05\\\/09\\\/el-ford-fiesta-podria-volver-con-alma-alemana\\\/\"]}]},{\"@type\":\"ImageObject\",\"inLanguage\":\"es\",\"@id\":\"https:\\\/\\\/guiarepuestos.com\\\/index.php\\\/2025\\\/05\\\/09\\\/el-ford-fiesta-podria-volver-con-alma-alemana\\\/#primaryimage\",\"url\":\"https:\\\/\\\/guiarepuestos.com\\\/wp-content\\\/uploads\\\/2025\\\/05\\\/NAZ_e887c53099bf499a849015c5df45492e.webp\",\"contentUrl\":\"https:\\\/\\\/guiarepuestos.com\\\/wp-content\\\/uploads\\\/2025\\\/05\\\/NAZ_e887c53099bf499a849015c5df45492e.webp\",\"width\":1600,\"height\":900},{\"@type\":\"BreadcrumbList\",\"@id\":\"https:\\\/\\\/guiarepuestos.com\\\/index.php\\\/2025\\\/05\\\/09\\\/el-ford-fiesta-podria-volver-con-alma-alemana\\\/#breadcrumb\",\"itemListElement\":[{\"@type\":\"ListItem\",\"position\":1,\"name\":\"Portada\",\"item\":\"https:\\\/\\\/guiarepuestos.com\\\/\"},{\"@type\":\"ListItem\",\"position\":2,\"name\":\"El Ford Fiesta podr\u00eda volver con alma alemana\"}]},{\"@type\":\"WebSite\",\"@id\":\"https:\\\/\\\/guiarepuestos.com\\\/#website\",\"url\":\"https:\\\/\\\/guiarepuestos.com\\\/\",\"name\":\"guiarepuestos.com\",\"description\":\"Su Portal Automotriz\",\"publisher\":{\"@id\":\"https:\\\/\\\/guiarepuestos.com\\\/#organization\"},\"potentialAction\":[{\"@type\":\"SearchAction\",\"target\":{\"@type\":\"EntryPoint\",\"urlTemplate\":\"https:\\\/\\\/guiarepuestos.com\\\/?s={search_term_string}\"},\"query-input\":{\"@type\":\"PropertyValueSpecification\",\"valueRequired\":true,\"valueName\":\"search_term_string\"}}],\"inLanguage\":\"es\"},{\"@type\":\"Organization\",\"@id\":\"https:\\\/\\\/guiarepuestos.com\\\/#organization\",\"name\":\"Guiarepuestos.com\",\"url\":\"https:\\\/\\\/guiarepuestos.com\\\/\",\"logo\":{\"@type\":\"ImageObject\",\"inLanguage\":\"es\",\"@id\":\"https:\\\/\\\/guiarepuestos.com\\\/#\\\/schema\\\/logo\\\/image\\\/\",\"url\":\"https:\\\/\\\/guiarepuestos.com\\\/wp-content\\\/uploads\\\/2024\\\/03\\\/logo-footer-8.png\",\"contentUrl\":\"https:\\\/\\\/guiarepuestos.com\\\/wp-content\\\/uploads\\\/2024\\\/03\\\/logo-footer-8.png\",\"width\":545,\"height\":115,\"caption\":\"Guiarepuestos.com\"},\"image\":{\"@id\":\"https:\\\/\\\/guiarepuestos.com\\\/#\\\/schema\\\/logo\\\/image\\\/\"},\"sameAs\":[\"https:\\\/\\\/www.facebook.com\\\/guiarepuestosweb\",\"https:\\\/\\\/x.com\\\/guiarepuestos\",\"https:\\\/\\\/www.instagram.com\\\/guiarepuestos\\\/\"]},{\"@type\":\"Person\",\"@id\":\"https:\\\/\\\/guiarepuestos.com\\\/#\\\/schema\\\/person\\\/fdee817b310ec251c8e15193998046bd\",\"name\":\"administrador\",\"image\":{\"@type\":\"ImageObject\",\"inLanguage\":\"es\",\"@id\":\"https:\\\/\\\/secure.gravatar.com\\\/avatar\\\/1ecb4a006177178f006f8caa27f9189b2c7e89f103e6494148edeb86d1084fe6?s=96&d=mm&r=g\",\"url\":\"https:\\\/\\\/secure.gravatar.com\\\/avatar\\\/1ecb4a006177178f006f8caa27f9189b2c7e89f103e6494148edeb86d1084fe6?s=96&d=mm&r=g\",\"contentUrl\":\"https:\\\/\\\/secure.gravatar.com\\\/avatar\\\/1ecb4a006177178f006f8caa27f9189b2c7e89f103e6494148edeb86d1084fe6?s=96&d=mm&r=g\",\"caption\":\"administrador\"},\"sameAs\":[\"https:\\\/\\\/guiarepuestos.com\"],\"url\":\"https:\\\/\\\/guiarepuestos.com\\\/index.php\\\/author\\\/administrador\\\/\"}]}<\/script>\n<!-- \/ Yoast SEO plugin. -->","yoast_head_json":{"title":"El Ford Fiesta podr\u00eda volver con alma alemana - guiarepuestos","description":"En 2019, Ford dej\u00f3 de producir el Fiesta en Brasil, por lo que se dej\u00f3 de comercializar en Argentina, y si bien en Europa hubo una nueva...","robots":{"index":"index","follow":"follow","max-snippet":"max-snippet:-1","max-image-preview":"max-image-preview:large","max-video-preview":"max-video-preview:-1"},"canonical":"https:\/\/guiarepuestos.com\/index.php\/2025\/05\/09\/el-ford-fiesta-podria-volver-con-alma-alemana\/","og_locale":"es_ES","og_type":"article","og_title":"El Ford Fiesta podr\u00eda volver con alma alemana - guiarepuestos","og_description":"En 2019, Ford dej\u00f3 de producir el Fiesta en Brasil, por lo que se dej\u00f3 de comercializar en Argentina, y si bien en Europa hubo una nueva...","og_url":"https:\/\/guiarepuestos.com\/index.php\/2025\/05\/09\/el-ford-fiesta-podria-volver-con-alma-alemana\/","og_site_name":"guiarepuestos","article_publisher":"https:\/\/www.facebook.com\/guiarepuestosweb","article_published_time":"2025-05-09T05:25:14+00:00","og_image":[{"width":1600,"height":900,"url":"https:\/\/guiarepuestos.com\/wp-content\/uploads\/2025\/05\/NAZ_e887c53099bf499a849015c5df45492e.webp","type":"image\/webp"}],"author":"administrador","twitter_card":"summary_large_image","twitter_creator":"@guiarepuestos","twitter_site":"@guiarepuestos","twitter_misc":{"Escrito por":"administrador","Tiempo de lectura":"3 minutos"},"schema":{"@context":"https:\/\/schema.org","@graph":[{"@type":"Article","@id":"https:\/\/guiarepuestos.com\/index.php\/2025\/05\/09\/el-ford-fiesta-podria-volver-con-alma-alemana\/#article","isPartOf":{"@id":"https:\/\/guiarepuestos.com\/index.php\/2025\/05\/09\/el-ford-fiesta-podria-volver-con-alma-alemana\/"},"author":{"name":"administrador","@id":"https:\/\/guiarepuestos.com\/#\/schema\/person\/fdee817b310ec251c8e15193998046bd"},"headline":"El Ford Fiesta podr\u00eda volver con alma alemana","datePublished":"2025-05-09T05:25:14+00:00","mainEntityOfPage":{"@id":"https:\/\/guiarepuestos.com\/index.php\/2025\/05\/09\/el-ford-fiesta-podria-volver-con-alma-alemana\/"},"wordCount":468,"commentCount":0,"publisher":{"@id":"https:\/\/guiarepuestos.com\/#organization"},"image":{"@id":"https:\/\/guiarepuestos.com\/index.php\/2025\/05\/09\/el-ford-fiesta-podria-volver-con-alma-alemana\/#primaryimage"},"thumbnailUrl":"https:\/\/guiarepuestos.com\/wp-content\/uploads\/2025\/05\/NAZ_e887c53099bf499a849015c5df45492e.webp","keywords":["#Fiesta","#Ford","Alemania"],"articleSection":["Industria","Noticias"],"inLanguage":"es","potentialAction":[{"@type":"CommentAction","name":"Comment","target":["https:\/\/guiarepuestos.com\/index.php\/2025\/05\/09\/el-ford-fiesta-podria-volver-con-alma-alemana\/#respond"]}]},{"@type":"WebPage","@id":"https:\/\/guiarepuestos.com\/index.php\/2025\/05\/09\/el-ford-fiesta-podria-volver-con-alma-alemana\/","url":"https:\/\/guiarepuestos.com\/index.php\/2025\/05\/09\/el-ford-fiesta-podria-volver-con-alma-alemana\/","name":"El Ford Fiesta podr\u00eda volver con alma alemana - guiarepuestos","isPartOf":{"@id":"https:\/\/guiarepuestos.com\/#website"},"primaryImageOfPage":{"@id":"https:\/\/guiarepuestos.com\/index.php\/2025\/05\/09\/el-ford-fiesta-podria-volver-con-alma-alemana\/#primaryimage"},"image":{"@id":"https:\/\/guiarepuestos.com\/index.php\/2025\/05\/09\/el-ford-fiesta-podria-volver-con-alma-alemana\/#primaryimage"},"thumbnailUrl":"https:\/\/guiarepuestos.com\/wp-content\/uploads\/2025\/05\/NAZ_e887c53099bf499a849015c5df45492e.webp","datePublished":"2025-05-09T05:25:14+00:00","description":"En 2019, Ford dej\u00f3 de producir el Fiesta en Brasil, por lo que se dej\u00f3 de comercializar en Argentina, y si bien en Europa hubo una nueva...","breadcrumb":{"@id":"https:\/\/guiarepuestos.com\/index.php\/2025\/05\/09\/el-ford-fiesta-podria-volver-con-alma-alemana\/#breadcrumb"},"inLanguage":"es","potentialAction":[{"@type":"ReadAction","target":["https:\/\/guiarepuestos.com\/index.php\/2025\/05\/09\/el-ford-fiesta-podria-volver-con-alma-alemana\/"]}]},{"@type":"ImageObject","inLanguage":"es","@id":"https:\/\/guiarepuestos.com\/index.php\/2025\/05\/09\/el-ford-fiesta-podria-volver-con-alma-alemana\/#primaryimage","url":"https:\/\/guiarepuestos.com\/wp-content\/uploads\/2025\/05\/NAZ_e887c53099bf499a849015c5df45492e.webp","contentUrl":"https:\/\/guiarepuestos.com\/wp-content\/uploads\/2025\/05\/NAZ_e887c53099bf499a849015c5df45492e.webp","width":1600,"height":900},{"@type":"BreadcrumbList","@id":"https:\/\/guiarepuestos.com\/index.php\/2025\/05\/09\/el-ford-fiesta-podria-volver-con-alma-alemana\/#breadcrumb","itemListElement":[{"@type":"ListItem","position":1,"name":"Portada","item":"https:\/\/guiarepuestos.com\/"},{"@type":"ListItem","position":2,"name":"El Ford Fiesta podr\u00eda volver con alma alemana"}]},{"@type":"WebSite","@id":"https:\/\/guiarepuestos.com\/#website","url":"https:\/\/guiarepuestos.com\/","name":"guiarepuestos.com","description":"Su Portal Automotriz","publisher":{"@id":"https:\/\/guiarepuestos.com\/#organization"},"potentialAction":[{"@type":"SearchAction","target":{"@type":"EntryPoint","urlTemplate":"https:\/\/guiarepuestos.com\/?s={search_term_string}"},"query-input":{"@type":"PropertyValueSpecification","valueRequired":true,"valueName":"search_term_string"}}],"inLanguage":"es"},{"@type":"Organization","@id":"https:\/\/guiarepuestos.com\/#organization","name":"Guiarepuestos.com","url":"https:\/\/guiarepuestos.com\/","logo":{"@type":"ImageObject","inLanguage":"es","@id":"https:\/\/guiarepuestos.com\/#\/schema\/logo\/image\/","url":"https:\/\/guiarepuestos.com\/wp-content\/uploads\/2024\/03\/logo-footer-8.png","contentUrl":"https:\/\/guiarepuestos.com\/wp-content\/uploads\/2024\/03\/logo-footer-8.png","width":545,"height":115,"caption":"Guiarepuestos.com"},"image":{"@id":"https:\/\/guiarepuestos.com\/#\/schema\/logo\/image\/"},"sameAs":["https:\/\/www.facebook.com\/guiarepuestosweb","https:\/\/x.com\/guiarepuestos","https:\/\/www.instagram.com\/guiarepuestos\/"]},{"@type":"Person","@id":"https:\/\/guiarepuestos.com\/#\/schema\/person\/fdee817b310ec251c8e15193998046bd","name":"administrador","image":{"@type":"ImageObject","inLanguage":"es","@id":"https:\/\/secure.gravatar.com\/avatar\/1ecb4a006177178f006f8caa27f9189b2c7e89f103e6494148edeb86d1084fe6?s=96&d=mm&r=g","url":"https:\/\/secure.gravatar.com\/avatar\/1ecb4a006177178f006f8caa27f9189b2c7e89f103e6494148edeb86d1084fe6?s=96&d=mm&r=g","contentUrl":"https:\/\/secure.gravatar.com\/avatar\/1ecb4a006177178f006f8caa27f9189b2c7e89f103e6494148edeb86d1084fe6?s=96&d=mm&r=g","caption":"administrador"},"sameAs":["https:\/\/guiarepuestos.com"],"url":"https:\/\/guiarepuestos.com\/index.php\/author\/administrador\/"}]}},"publishpress_future_action":{"enabled":false,"date":"2026-05-08 10:25:55","action":"change-status","newStatus":"draft","terms":[],"taxonomy":"category","extraData":[]},"publishpress_future_workflow_manual_trigger":{"enabledWorkflows":[]},"_links":{"self":[{"href":"https:\/\/guiarepuestos.com\/index.php\/wp-json\/wp\/v2\/posts\/43905","targetHints":{"allow":["GET"]}}],"collection":[{"href":"https:\/\/guiarepuestos.com\/index.php\/wp-json\/wp\/v2\/posts"}],"about":[{"href":"https:\/\/guiarepuestos.com\/index.php\/wp-json\/wp\/v2\/types\/post"}],"author":[{"embeddable":true,"href":"https:\/\/guiarepuestos.com\/index.php\/wp-json\/wp\/v2\/users\/1"}],"replies":[{"embeddable":true,"href":"https:\/\/guiarepuestos.com\/index.php\/wp-json\/wp\/v2\/comments?post=43905"}],"version-history":[{"count":1,"href":"https:\/\/guiarepuestos.com\/index.php\/wp-json\/wp\/v2\/posts\/43905\/revisions"}],"predecessor-version":[{"id":43909,"href":"https:\/\/guiarepuestos.com\/index.php\/wp-json\/wp\/v2\/posts\/43905\/revisions\/43909"}],"wp:featuredmedia":[{"embeddable":true,"href":"https:\/\/guiarepuestos.com\/index.php\/wp-json\/wp\/v2\/media\/43906"}],"wp:attachment":[{"href":"https:\/\/guiarepuestos.com\/index.php\/wp-json\/wp\/v2\/media?parent=43905"}],"wp:term":[{"taxonomy":"category","embeddable":true,"href":"https:\/\/guiarepuestos.com\/index.php\/wp-json\/wp\/v2\/categories?post=43905"},{"taxonomy":"post_tag","embeddable":true,"href":"https:\/\/guiarepuestos.com\/index.php\/wp-json\/wp\/v2\/tags?post=43905"}],"curies":[{"name":"wp","href":"https:\/\/api.w.org\/{rel}","templated":true}]}}