{"id":15371,"date":"2019-07-17T21:58:50","date_gmt":"2019-07-17T21:58:50","guid":{"rendered":"http:\/\/guiarepuestos.com\/?p=15371"},"modified":"2025-01-11T03:29:18","modified_gmt":"2025-01-11T02:29:18","slug":"el-volkswagen-t-cross-llega-a-colombia","status":"publish","type":"post","link":"https:\/\/guiarepuestos.com\/index.php\/2019\/07\/17\/el-volkswagen-t-cross-llega-a-colombia\/","title":{"rendered":"El Volkswagen T-Cross llega a Colombia"},"content":{"rendered":"<p style=\"text-align: justify;\">Por &eacute;stos d&iacute;as inicia en <a href=\"https:\/\/guiarepuestos.com\/index.php\/2025\/02\/10\/ford-explorer-2025-llego-a-colombia-disponible-en-tres-versiones\/\">Colombia<\/a> la comercializaci&oacute;n del&nbsp;Volkswagen T-Cross, el nuevo&nbsp;<strong>crossover compacto de car&aacute;cter urbano<\/strong>&nbsp;de la firma alemana, basado sobre la&nbsp;<strong>plataforma modular&nbsp;MQB A0<\/strong>, la misma utilizada por el actual <a href=\"https:\/\/guiarepuestos.com\/index.php\/2019\/01\/08\/volkswagen-restaura-un-beetle-de-1967-utilizado-a-diario-por-su-duena-durante-51-anos-y-560-000-km\/\">Volkswagen<\/a> Polo.<\/p>\n<p style=\"text-align: justify;\">De todos modos,&nbsp;<strong>la&nbsp;versi&oacute;n fabricada en <a href=\"https:\/\/guiarepuestos.com\/index.php\/2019\/08\/11\/cierran-una-fabrica-brasilena-que-producia-bajo-pedido-copias-de-superdeportivos-ferrari-y-lamborghini\/\">Brasil<\/a> es<\/strong>&nbsp;<strong>ligeramente mas grande<\/strong>&nbsp;que el modelo destinado a los mercados del viejo continente. Se trata de una&nbsp;<strong>versi&oacute;n&nbsp;especifica para&nbsp;Latinoam&eacute;rica<\/strong>, de disensiones ligeramente superiores al modelo que es fabricado en Espa&ntilde;a para toda&nbsp;Europa.<\/p>\n<p><img loading=\"lazy\" decoding=\"async\" class=\"alignnone size-full wp-image-42419\" src=\"https:\/\/guiarepuestos.com\/wp-content\/uploads\/2019\/07\/Volkswagen-T-Cross-Latinoamerica-5.jpeg.webp\" alt=\"\" width=\"1600\" height=\"1000\" srcset=\"https:\/\/guiarepuestos.com\/wp-content\/uploads\/2019\/07\/Volkswagen-T-Cross-Latinoamerica-5.jpeg.webp 1600w, https:\/\/guiarepuestos.com\/wp-content\/uploads\/2019\/07\/Volkswagen-T-Cross-Latinoamerica-5.jpeg-300x188.webp 300w, https:\/\/guiarepuestos.com\/wp-content\/uploads\/2019\/07\/Volkswagen-T-Cross-Latinoamerica-5.jpeg-1024x640.webp 1024w, https:\/\/guiarepuestos.com\/wp-content\/uploads\/2019\/07\/Volkswagen-T-Cross-Latinoamerica-5.jpeg-768x480.webp 768w, https:\/\/guiarepuestos.com\/wp-content\/uploads\/2019\/07\/Volkswagen-T-Cross-Latinoamerica-5.jpeg-800x500.webp 800w, https:\/\/guiarepuestos.com\/wp-content\/uploads\/2019\/07\/Volkswagen-T-Cross-Latinoamerica-5.jpeg-1536x960.webp 1536w, https:\/\/guiarepuestos.com\/wp-content\/uploads\/2019\/07\/Volkswagen-T-Cross-Latinoamerica-5.jpeg-150x94.webp 150w, https:\/\/guiarepuestos.com\/wp-content\/uploads\/2019\/07\/Volkswagen-T-Cross-Latinoamerica-5.jpeg-696x435.webp 696w, https:\/\/guiarepuestos.com\/wp-content\/uploads\/2019\/07\/Volkswagen-T-Cross-Latinoamerica-5.jpeg-1068x668.webp 1068w, https:\/\/guiarepuestos.com\/wp-content\/uploads\/2019\/07\/Volkswagen-T-Cross-Latinoamerica-5.jpeg-600x375.webp 600w\" sizes=\"auto, (max-width: 1600px) 100vw, 1600px\"\/><\/p>\n<p style=\"text-align: justify;\">Se tara de la misma <strong>arquitectura que&nbsp;utiliza el Polo, el T-Cross y el SEAT Arona<\/strong>&nbsp;en <a href=\"https:\/\/guiarepuestos.com\/index.php\/2024\/07\/28\/renault-twingo-la-nueva-generacion-se-fabricara-en-europa\/\">Europa<\/a>, aunque la versi&oacute;n latinoamericana del todocamino de la firma alemana&nbsp;<strong>extiende su distancia entre ejes y su carrocer&iacute;a, ganado adem&aacute;s mayor capacidad en el maletero<\/strong>&nbsp;.<\/p>\n<div style=\"text-align: justify;\">El equipamiento de serie&nbsp;mas relevante incluye&nbsp;<strong>airbags frontales, laterales y de cortina,<\/strong>&nbsp;<strong>controles de tracci&oacute;n y estabilidad<\/strong>, asistencia al arranque en cuestas, ISOFIX,&nbsp;aire acondicionado, sistema de sonido integrado, <a href=\"https:\/\/guiarepuestos.com\/index.php\/2025\/10\/14\/volante-motor-que-es-como-funciona-tipos-averias-y-todo-lo-que-debes-saber\/\">volante<\/a> multifunci&oacute;n con ajuste de altura y profundidad, espejos el&eacute;ctricos, etc.<\/div>\n<div><img loading=\"lazy\" decoding=\"async\" class=\"alignnone size-full wp-image-42418\" src=\"https:\/\/guiarepuestos.com\/wp-content\/uploads\/2019\/07\/Volkswagen-T-Cross-Latinoamerica-3.jpeg.webp\" alt=\"\" width=\"1600\" height=\"1074\" srcset=\"https:\/\/guiarepuestos.com\/wp-content\/uploads\/2019\/07\/Volkswagen-T-Cross-Latinoamerica-3.jpeg.webp 1600w, https:\/\/guiarepuestos.com\/wp-content\/uploads\/2019\/07\/Volkswagen-T-Cross-Latinoamerica-3.jpeg-300x201.webp 300w, https:\/\/guiarepuestos.com\/wp-content\/uploads\/2019\/07\/Volkswagen-T-Cross-Latinoamerica-3.jpeg-1024x687.webp 1024w, https:\/\/guiarepuestos.com\/wp-content\/uploads\/2019\/07\/Volkswagen-T-Cross-Latinoamerica-3.jpeg-768x516.webp 768w, https:\/\/guiarepuestos.com\/wp-content\/uploads\/2019\/07\/Volkswagen-T-Cross-Latinoamerica-3.jpeg-800x537.webp 800w, https:\/\/guiarepuestos.com\/wp-content\/uploads\/2019\/07\/Volkswagen-T-Cross-Latinoamerica-3.jpeg-1536x1031.webp 1536w, https:\/\/guiarepuestos.com\/wp-content\/uploads\/2019\/07\/Volkswagen-T-Cross-Latinoamerica-3.jpeg-150x101.webp 150w, https:\/\/guiarepuestos.com\/wp-content\/uploads\/2019\/07\/Volkswagen-T-Cross-Latinoamerica-3.jpeg-696x467.webp 696w, https:\/\/guiarepuestos.com\/wp-content\/uploads\/2019\/07\/Volkswagen-T-Cross-Latinoamerica-3.jpeg-1068x717.webp 1068w, https:\/\/guiarepuestos.com\/wp-content\/uploads\/2019\/07\/Volkswagen-T-Cross-Latinoamerica-3.jpeg-600x403.webp 600w\" sizes=\"auto, (max-width: 1600px) 100vw, 1600px\"\/><\/div>\n<p style=\"text-align: justify;\">Las versiones mas equipadas a&ntilde;aden adem&aacute;s un completo sistema de informaci&oacute;n y entretenimiento con <strong>pantalla t&aacute;ctil de 6,5 pulgadas<\/strong>, adem&aacute;s de&nbsp;<strong>climatizador autom&aacute;tico<\/strong>, acceso sin llave, arranque por bot&oacute;n, sensor de lluvia,&nbsp;<strong>encendido autom&aacute;tico de luces<\/strong>, c&aacute;mara de visi&oacute;n posterior,&nbsp;sensor de&nbsp;parking trasero, control de <a href=\"https:\/\/guiarepuestos.com\/index.php\/2025\/05\/24\/el-koenigsegg-jesko-absolut-pulveriza-el-record-de-velocidad-maxima-en-media-milla\/\">velocidad<\/a>, detector de <a href=\"https:\/\/guiarepuestos.com\/index.php\/2026\/01\/11\/especial-dia-de-descanso-ford-vs-dacia-y-la-cosecha-de-hierros-en-el-empty-quarter\/\">fatiga<\/a>,&nbsp;monitoreo de presi&oacute;n de los neum&aacute;ticos,&nbsp;<strong>tapicer&iacute;a en piel<\/strong>,&nbsp;<strong>navegaci&oacute;n integrada, etc.<\/strong><\/p>\n<p><img loading=\"lazy\" decoding=\"async\" class=\"alignnone size-full wp-image-42417\" src=\"https:\/\/guiarepuestos.com\/wp-content\/uploads\/2019\/07\/Volkswagen-T-Cross-Latinoamerica-2.jpeg.webp\" alt=\"\" width=\"1600\" height=\"1001\" srcset=\"https:\/\/guiarepuestos.com\/wp-content\/uploads\/2019\/07\/Volkswagen-T-Cross-Latinoamerica-2.jpeg.webp 1600w, https:\/\/guiarepuestos.com\/wp-content\/uploads\/2019\/07\/Volkswagen-T-Cross-Latinoamerica-2.jpeg-300x188.webp 300w, https:\/\/guiarepuestos.com\/wp-content\/uploads\/2019\/07\/Volkswagen-T-Cross-Latinoamerica-2.jpeg-1024x641.webp 1024w, https:\/\/guiarepuestos.com\/wp-content\/uploads\/2019\/07\/Volkswagen-T-Cross-Latinoamerica-2.jpeg-768x480.webp 768w, https:\/\/guiarepuestos.com\/wp-content\/uploads\/2019\/07\/Volkswagen-T-Cross-Latinoamerica-2.jpeg-800x501.webp 800w, https:\/\/guiarepuestos.com\/wp-content\/uploads\/2019\/07\/Volkswagen-T-Cross-Latinoamerica-2.jpeg-1536x961.webp 1536w, https:\/\/guiarepuestos.com\/wp-content\/uploads\/2019\/07\/Volkswagen-T-Cross-Latinoamerica-2.jpeg-150x94.webp 150w, https:\/\/guiarepuestos.com\/wp-content\/uploads\/2019\/07\/Volkswagen-T-Cross-Latinoamerica-2.jpeg-696x435.webp 696w, https:\/\/guiarepuestos.com\/wp-content\/uploads\/2019\/07\/Volkswagen-T-Cross-Latinoamerica-2.jpeg-1068x668.webp 1068w, https:\/\/guiarepuestos.com\/wp-content\/uploads\/2019\/07\/Volkswagen-T-Cross-Latinoamerica-2.jpeg-600x375.webp 600w\" sizes=\"auto, (max-width: 1600px) 100vw, 1600px\"\/><\/p>\n<p style=\"text-align: justify;\">La oferta de motores inicial contempla &uacute;nicamente al <strong>1.6 MSI de 110 CV<\/strong>,&nbsp;que puede combinarse tanto con una caja de cambios manual de cinco velocidades como&nbsp;<strong>autom&aacute;tica de seis relaciones<\/strong>.<\/p>\n<p><img loading=\"lazy\" decoding=\"async\" class=\"alignnone size-full wp-image-42420\" src=\"https:\/\/guiarepuestos.com\/wp-content\/uploads\/2019\/07\/Volkswagen-T-Cross-Latinoamerica-1.jpeg.webp\" alt=\"\" width=\"1600\" height=\"1002\" srcset=\"https:\/\/guiarepuestos.com\/wp-content\/uploads\/2019\/07\/Volkswagen-T-Cross-Latinoamerica-1.jpeg.webp 1600w, https:\/\/guiarepuestos.com\/wp-content\/uploads\/2019\/07\/Volkswagen-T-Cross-Latinoamerica-1.jpeg-300x188.webp 300w, https:\/\/guiarepuestos.com\/wp-content\/uploads\/2019\/07\/Volkswagen-T-Cross-Latinoamerica-1.jpeg-1024x641.webp 1024w, https:\/\/guiarepuestos.com\/wp-content\/uploads\/2019\/07\/Volkswagen-T-Cross-Latinoamerica-1.jpeg-768x481.webp 768w, https:\/\/guiarepuestos.com\/wp-content\/uploads\/2019\/07\/Volkswagen-T-Cross-Latinoamerica-1.jpeg-800x501.webp 800w, https:\/\/guiarepuestos.com\/wp-content\/uploads\/2019\/07\/Volkswagen-T-Cross-Latinoamerica-1.jpeg-1536x962.webp 1536w, https:\/\/guiarepuestos.com\/wp-content\/uploads\/2019\/07\/Volkswagen-T-Cross-Latinoamerica-1.jpeg-150x94.webp 150w, https:\/\/guiarepuestos.com\/wp-content\/uploads\/2019\/07\/Volkswagen-T-Cross-Latinoamerica-1.jpeg-696x436.webp 696w, https:\/\/guiarepuestos.com\/wp-content\/uploads\/2019\/07\/Volkswagen-T-Cross-Latinoamerica-1.jpeg-1068x669.webp 1068w, https:\/\/guiarepuestos.com\/wp-content\/uploads\/2019\/07\/Volkswagen-T-Cross-Latinoamerica-1.jpeg-600x376.webp 600w\" sizes=\"auto, (max-width: 1600px) 100vw, 1600px\"\/><\/p>\n<p style=\"text-align: justify;\">Posteriormente la firma alemana podr&iacute;a a&ntilde;adir nuevas versiones que contemplen a los nuevos motores <a href=\"https:\/\/guiarepuestos.com\/index.php\/2024\/04\/24\/nuevo-porsche-cayenne-gts-2024-la-version-perfecta\/\">turbo<\/a> <strong>1.0 TSI de 116 CV o al mas prestacional 1.5 TSI de 150 CV<\/strong>, adem&aacute;s de la caja de cambios manual de seis velocidades.<\/p>\n<p style=\"text-align: justify;\">Fuente: autodato.com<\/p>\n","protected":false},"excerpt":{"rendered":"<p>Por &eacute;stos d&iacute;as inicia en Colombia la comercializaci&oacute;n del&nbsp;Volkswagen T-Cross, el nuevo&nbsp;crossover compacto de car&aacute;cter urbano&nbsp;de la firma alemana, basado sobre la&nbsp;plataforma modular&nbsp;MQB A0, la misma utilizada por el actual Volkswagen Polo. De todos modos,&nbsp;la&nbsp;versi&oacute;n fabricada en Brasil es&nbsp;ligeramente mas grande&nbsp;que el modelo destinado a los mercados del viejo continente. Se trata de una&nbsp;versi&oacute;n&nbsp;especifica para&nbsp;Latinoam&eacute;rica,<\/p>\n","protected":false},"author":1,"featured_media":42415,"comment_status":"open","ping_status":"open","sticky":false,"template":"","format":"standard","meta":{"wp_mapbox_gl_js_media":[],"_ayudawp_aiss_exclude":false,"footnotes":""},"categories":[182,174],"tags":[340,221,281],"class_list":{"0":"post-15371","1":"post","2":"type-post","3":"status-publish","4":"format-standard","5":"has-post-thumbnail","7":"category-lanzamientos","8":"category-noticias","9":"tag-colombia","10":"tag-mercados","11":"tag-volkswagen"},"yoast_head":"<!-- This site is optimized with the Yoast SEO plugin v27.5 - https:\/\/yoast.com\/product\/yoast-seo-wordpress\/ -->\n<title>El Volkswagen T-Cross llega a Colombia - guiarepuestos<\/title>\n<meta name=\"description\" content=\"Por \u00e9stos d\u00edas inicia en Colombia la comercializaci\u00f3n del Volkswagen T-Cross, el nuevo crossover compacto de car\u00e1cter urbano de la firma...\" \/>\n<meta name=\"robots\" content=\"index, follow, max-snippet:-1, max-image-preview:large, max-video-preview:-1\" \/>\n<link rel=\"canonical\" href=\"https:\/\/guiarepuestos.com\/index.php\/2019\/07\/17\/el-volkswagen-t-cross-llega-a-colombia\/\" \/>\n<meta property=\"og:locale\" content=\"es_ES\" \/>\n<meta property=\"og:type\" content=\"article\" \/>\n<meta property=\"og:title\" content=\"El Volkswagen T-Cross llega a Colombia - guiarepuestos\" \/>\n<meta property=\"og:description\" content=\"Por \u00e9stos d\u00edas inicia en Colombia la comercializaci\u00f3n del Volkswagen T-Cross, el nuevo crossover compacto de car\u00e1cter urbano de la firma...\" \/>\n<meta property=\"og:url\" content=\"https:\/\/guiarepuestos.com\/index.php\/2019\/07\/17\/el-volkswagen-t-cross-llega-a-colombia\/\" \/>\n<meta property=\"og:site_name\" content=\"guiarepuestos\" \/>\n<meta property=\"article:publisher\" content=\"https:\/\/www.facebook.com\/guiarepuestosweb\" \/>\n<meta property=\"article:published_time\" content=\"2019-07-17T21:58:50+00:00\" \/>\n<meta property=\"article:modified_time\" content=\"2025-01-11T02:29:18+00:00\" \/>\n<meta property=\"og:image\" content=\"https:\/\/guiarepuestos.com\/wp-content\/uploads\/2019\/07\/Volkswagen-T-Cross-Latinoamerica.jpeg.webp\" \/>\n\t<meta property=\"og:image:width\" content=\"1600\" \/>\n\t<meta property=\"og:image:height\" content=\"1000\" \/>\n\t<meta property=\"og:image:type\" content=\"image\/webp\" \/>\n<meta name=\"author\" content=\"administrador\" \/>\n<meta name=\"twitter:card\" content=\"summary_large_image\" \/>\n<meta name=\"twitter:creator\" content=\"@guiarepuestos\" \/>\n<meta name=\"twitter:site\" content=\"@guiarepuestos\" \/>\n<meta name=\"twitter:label1\" content=\"Escrito por\" \/>\n\t<meta name=\"twitter:data1\" content=\"administrador\" \/>\n\t<meta name=\"twitter:label2\" content=\"Tiempo de lectura\" \/>\n\t<meta name=\"twitter:data2\" content=\"3 minutos\" \/>\n<script type=\"application\/ld+json\" class=\"yoast-schema-graph\">{\"@context\":\"https:\\\/\\\/schema.org\",\"@graph\":[{\"@type\":\"Article\",\"@id\":\"https:\\\/\\\/guiarepuestos.com\\\/index.php\\\/2019\\\/07\\\/17\\\/el-volkswagen-t-cross-llega-a-colombia\\\/#article\",\"isPartOf\":{\"@id\":\"https:\\\/\\\/guiarepuestos.com\\\/index.php\\\/2019\\\/07\\\/17\\\/el-volkswagen-t-cross-llega-a-colombia\\\/\"},\"author\":{\"name\":\"administrador\",\"@id\":\"https:\\\/\\\/guiarepuestos.com\\\/#\\\/schema\\\/person\\\/fdee817b310ec251c8e15193998046bd\"},\"headline\":\"El Volkswagen T-Cross llega a Colombia\",\"datePublished\":\"2019-07-17T21:58:50+00:00\",\"dateModified\":\"2025-01-11T02:29:18+00:00\",\"mainEntityOfPage\":{\"@id\":\"https:\\\/\\\/guiarepuestos.com\\\/index.php\\\/2019\\\/07\\\/17\\\/el-volkswagen-t-cross-llega-a-colombia\\\/\"},\"wordCount\":330,\"commentCount\":0,\"publisher\":{\"@id\":\"https:\\\/\\\/guiarepuestos.com\\\/#organization\"},\"image\":{\"@id\":\"https:\\\/\\\/guiarepuestos.com\\\/index.php\\\/2019\\\/07\\\/17\\\/el-volkswagen-t-cross-llega-a-colombia\\\/#primaryimage\"},\"thumbnailUrl\":\"https:\\\/\\\/guiarepuestos.com\\\/wp-content\\\/uploads\\\/2019\\\/07\\\/Volkswagen-T-Cross-Latinoamerica.jpeg.webp\",\"keywords\":[\"#Colombia\",\"#Mercados\",\"#Volkswagen\"],\"articleSection\":[\"Lanzamientos\",\"Noticias\"],\"inLanguage\":\"es\",\"potentialAction\":[{\"@type\":\"CommentAction\",\"name\":\"Comment\",\"target\":[\"https:\\\/\\\/guiarepuestos.com\\\/index.php\\\/2019\\\/07\\\/17\\\/el-volkswagen-t-cross-llega-a-colombia\\\/#respond\"]}]},{\"@type\":\"WebPage\",\"@id\":\"https:\\\/\\\/guiarepuestos.com\\\/index.php\\\/2019\\\/07\\\/17\\\/el-volkswagen-t-cross-llega-a-colombia\\\/\",\"url\":\"https:\\\/\\\/guiarepuestos.com\\\/index.php\\\/2019\\\/07\\\/17\\\/el-volkswagen-t-cross-llega-a-colombia\\\/\",\"name\":\"El Volkswagen T-Cross llega a Colombia - guiarepuestos\",\"isPartOf\":{\"@id\":\"https:\\\/\\\/guiarepuestos.com\\\/#website\"},\"primaryImageOfPage\":{\"@id\":\"https:\\\/\\\/guiarepuestos.com\\\/index.php\\\/2019\\\/07\\\/17\\\/el-volkswagen-t-cross-llega-a-colombia\\\/#primaryimage\"},\"image\":{\"@id\":\"https:\\\/\\\/guiarepuestos.com\\\/index.php\\\/2019\\\/07\\\/17\\\/el-volkswagen-t-cross-llega-a-colombia\\\/#primaryimage\"},\"thumbnailUrl\":\"https:\\\/\\\/guiarepuestos.com\\\/wp-content\\\/uploads\\\/2019\\\/07\\\/Volkswagen-T-Cross-Latinoamerica.jpeg.webp\",\"datePublished\":\"2019-07-17T21:58:50+00:00\",\"dateModified\":\"2025-01-11T02:29:18+00:00\",\"description\":\"Por \u00e9stos d\u00edas inicia en Colombia la comercializaci\u00f3n del Volkswagen T-Cross, el nuevo crossover compacto de car\u00e1cter urbano de la firma...\",\"breadcrumb\":{\"@id\":\"https:\\\/\\\/guiarepuestos.com\\\/index.php\\\/2019\\\/07\\\/17\\\/el-volkswagen-t-cross-llega-a-colombia\\\/#breadcrumb\"},\"inLanguage\":\"es\",\"potentialAction\":[{\"@type\":\"ReadAction\",\"target\":[\"https:\\\/\\\/guiarepuestos.com\\\/index.php\\\/2019\\\/07\\\/17\\\/el-volkswagen-t-cross-llega-a-colombia\\\/\"]}]},{\"@type\":\"ImageObject\",\"inLanguage\":\"es\",\"@id\":\"https:\\\/\\\/guiarepuestos.com\\\/index.php\\\/2019\\\/07\\\/17\\\/el-volkswagen-t-cross-llega-a-colombia\\\/#primaryimage\",\"url\":\"https:\\\/\\\/guiarepuestos.com\\\/wp-content\\\/uploads\\\/2019\\\/07\\\/Volkswagen-T-Cross-Latinoamerica.jpeg.webp\",\"contentUrl\":\"https:\\\/\\\/guiarepuestos.com\\\/wp-content\\\/uploads\\\/2019\\\/07\\\/Volkswagen-T-Cross-Latinoamerica.jpeg.webp\",\"width\":1600,\"height\":1000},{\"@type\":\"BreadcrumbList\",\"@id\":\"https:\\\/\\\/guiarepuestos.com\\\/index.php\\\/2019\\\/07\\\/17\\\/el-volkswagen-t-cross-llega-a-colombia\\\/#breadcrumb\",\"itemListElement\":[{\"@type\":\"ListItem\",\"position\":1,\"name\":\"Portada\",\"item\":\"https:\\\/\\\/guiarepuestos.com\\\/\"},{\"@type\":\"ListItem\",\"position\":2,\"name\":\"El Volkswagen T-Cross llega a Colombia\"}]},{\"@type\":\"WebSite\",\"@id\":\"https:\\\/\\\/guiarepuestos.com\\\/#website\",\"url\":\"https:\\\/\\\/guiarepuestos.com\\\/\",\"name\":\"guiarepuestos.com\",\"description\":\"Su Portal Automotriz\",\"publisher\":{\"@id\":\"https:\\\/\\\/guiarepuestos.com\\\/#organization\"},\"potentialAction\":[{\"@type\":\"SearchAction\",\"target\":{\"@type\":\"EntryPoint\",\"urlTemplate\":\"https:\\\/\\\/guiarepuestos.com\\\/?s={search_term_string}\"},\"query-input\":{\"@type\":\"PropertyValueSpecification\",\"valueRequired\":true,\"valueName\":\"search_term_string\"}}],\"inLanguage\":\"es\"},{\"@type\":\"Organization\",\"@id\":\"https:\\\/\\\/guiarepuestos.com\\\/#organization\",\"name\":\"Guiarepuestos.com\",\"url\":\"https:\\\/\\\/guiarepuestos.com\\\/\",\"logo\":{\"@type\":\"ImageObject\",\"inLanguage\":\"es\",\"@id\":\"https:\\\/\\\/guiarepuestos.com\\\/#\\\/schema\\\/logo\\\/image\\\/\",\"url\":\"https:\\\/\\\/guiarepuestos.com\\\/wp-content\\\/uploads\\\/2024\\\/03\\\/logo-footer-8.png\",\"contentUrl\":\"https:\\\/\\\/guiarepuestos.com\\\/wp-content\\\/uploads\\\/2024\\\/03\\\/logo-footer-8.png\",\"width\":545,\"height\":115,\"caption\":\"Guiarepuestos.com\"},\"image\":{\"@id\":\"https:\\\/\\\/guiarepuestos.com\\\/#\\\/schema\\\/logo\\\/image\\\/\"},\"sameAs\":[\"https:\\\/\\\/www.facebook.com\\\/guiarepuestosweb\",\"https:\\\/\\\/x.com\\\/guiarepuestos\",\"https:\\\/\\\/www.instagram.com\\\/guiarepuestos\\\/\"]},{\"@type\":\"Person\",\"@id\":\"https:\\\/\\\/guiarepuestos.com\\\/#\\\/schema\\\/person\\\/fdee817b310ec251c8e15193998046bd\",\"name\":\"administrador\",\"image\":{\"@type\":\"ImageObject\",\"inLanguage\":\"es\",\"@id\":\"https:\\\/\\\/secure.gravatar.com\\\/avatar\\\/1ecb4a006177178f006f8caa27f9189b2c7e89f103e6494148edeb86d1084fe6?s=96&d=mm&r=g\",\"url\":\"https:\\\/\\\/secure.gravatar.com\\\/avatar\\\/1ecb4a006177178f006f8caa27f9189b2c7e89f103e6494148edeb86d1084fe6?s=96&d=mm&r=g\",\"contentUrl\":\"https:\\\/\\\/secure.gravatar.com\\\/avatar\\\/1ecb4a006177178f006f8caa27f9189b2c7e89f103e6494148edeb86d1084fe6?s=96&d=mm&r=g\",\"caption\":\"administrador\"},\"sameAs\":[\"https:\\\/\\\/guiarepuestos.com\"],\"url\":\"https:\\\/\\\/guiarepuestos.com\\\/index.php\\\/author\\\/administrador\\\/\"}]}<\/script>\n<!-- \/ Yoast SEO plugin. -->","yoast_head_json":{"title":"El Volkswagen T-Cross llega a Colombia - guiarepuestos","description":"Por \u00e9stos d\u00edas inicia en Colombia la comercializaci\u00f3n del Volkswagen T-Cross, el nuevo crossover compacto de car\u00e1cter urbano de la firma...","robots":{"index":"index","follow":"follow","max-snippet":"max-snippet:-1","max-image-preview":"max-image-preview:large","max-video-preview":"max-video-preview:-1"},"canonical":"https:\/\/guiarepuestos.com\/index.php\/2019\/07\/17\/el-volkswagen-t-cross-llega-a-colombia\/","og_locale":"es_ES","og_type":"article","og_title":"El Volkswagen T-Cross llega a Colombia - guiarepuestos","og_description":"Por \u00e9stos d\u00edas inicia en Colombia la comercializaci\u00f3n del Volkswagen T-Cross, el nuevo crossover compacto de car\u00e1cter urbano de la firma...","og_url":"https:\/\/guiarepuestos.com\/index.php\/2019\/07\/17\/el-volkswagen-t-cross-llega-a-colombia\/","og_site_name":"guiarepuestos","article_publisher":"https:\/\/www.facebook.com\/guiarepuestosweb","article_published_time":"2019-07-17T21:58:50+00:00","article_modified_time":"2025-01-11T02:29:18+00:00","og_image":[{"width":1600,"height":1000,"url":"https:\/\/guiarepuestos.com\/wp-content\/uploads\/2019\/07\/Volkswagen-T-Cross-Latinoamerica.jpeg.webp","type":"image\/webp"}],"author":"administrador","twitter_card":"summary_large_image","twitter_creator":"@guiarepuestos","twitter_site":"@guiarepuestos","twitter_misc":{"Escrito por":"administrador","Tiempo de lectura":"3 minutos"},"schema":{"@context":"https:\/\/schema.org","@graph":[{"@type":"Article","@id":"https:\/\/guiarepuestos.com\/index.php\/2019\/07\/17\/el-volkswagen-t-cross-llega-a-colombia\/#article","isPartOf":{"@id":"https:\/\/guiarepuestos.com\/index.php\/2019\/07\/17\/el-volkswagen-t-cross-llega-a-colombia\/"},"author":{"name":"administrador","@id":"https:\/\/guiarepuestos.com\/#\/schema\/person\/fdee817b310ec251c8e15193998046bd"},"headline":"El Volkswagen T-Cross llega a Colombia","datePublished":"2019-07-17T21:58:50+00:00","dateModified":"2025-01-11T02:29:18+00:00","mainEntityOfPage":{"@id":"https:\/\/guiarepuestos.com\/index.php\/2019\/07\/17\/el-volkswagen-t-cross-llega-a-colombia\/"},"wordCount":330,"commentCount":0,"publisher":{"@id":"https:\/\/guiarepuestos.com\/#organization"},"image":{"@id":"https:\/\/guiarepuestos.com\/index.php\/2019\/07\/17\/el-volkswagen-t-cross-llega-a-colombia\/#primaryimage"},"thumbnailUrl":"https:\/\/guiarepuestos.com\/wp-content\/uploads\/2019\/07\/Volkswagen-T-Cross-Latinoamerica.jpeg.webp","keywords":["#Colombia","#Mercados","#Volkswagen"],"articleSection":["Lanzamientos","Noticias"],"inLanguage":"es","potentialAction":[{"@type":"CommentAction","name":"Comment","target":["https:\/\/guiarepuestos.com\/index.php\/2019\/07\/17\/el-volkswagen-t-cross-llega-a-colombia\/#respond"]}]},{"@type":"WebPage","@id":"https:\/\/guiarepuestos.com\/index.php\/2019\/07\/17\/el-volkswagen-t-cross-llega-a-colombia\/","url":"https:\/\/guiarepuestos.com\/index.php\/2019\/07\/17\/el-volkswagen-t-cross-llega-a-colombia\/","name":"El Volkswagen T-Cross llega a Colombia - guiarepuestos","isPartOf":{"@id":"https:\/\/guiarepuestos.com\/#website"},"primaryImageOfPage":{"@id":"https:\/\/guiarepuestos.com\/index.php\/2019\/07\/17\/el-volkswagen-t-cross-llega-a-colombia\/#primaryimage"},"image":{"@id":"https:\/\/guiarepuestos.com\/index.php\/2019\/07\/17\/el-volkswagen-t-cross-llega-a-colombia\/#primaryimage"},"thumbnailUrl":"https:\/\/guiarepuestos.com\/wp-content\/uploads\/2019\/07\/Volkswagen-T-Cross-Latinoamerica.jpeg.webp","datePublished":"2019-07-17T21:58:50+00:00","dateModified":"2025-01-11T02:29:18+00:00","description":"Por \u00e9stos d\u00edas inicia en Colombia la comercializaci\u00f3n del Volkswagen T-Cross, el nuevo crossover compacto de car\u00e1cter urbano de la firma...","breadcrumb":{"@id":"https:\/\/guiarepuestos.com\/index.php\/2019\/07\/17\/el-volkswagen-t-cross-llega-a-colombia\/#breadcrumb"},"inLanguage":"es","potentialAction":[{"@type":"ReadAction","target":["https:\/\/guiarepuestos.com\/index.php\/2019\/07\/17\/el-volkswagen-t-cross-llega-a-colombia\/"]}]},{"@type":"ImageObject","inLanguage":"es","@id":"https:\/\/guiarepuestos.com\/index.php\/2019\/07\/17\/el-volkswagen-t-cross-llega-a-colombia\/#primaryimage","url":"https:\/\/guiarepuestos.com\/wp-content\/uploads\/2019\/07\/Volkswagen-T-Cross-Latinoamerica.jpeg.webp","contentUrl":"https:\/\/guiarepuestos.com\/wp-content\/uploads\/2019\/07\/Volkswagen-T-Cross-Latinoamerica.jpeg.webp","width":1600,"height":1000},{"@type":"BreadcrumbList","@id":"https:\/\/guiarepuestos.com\/index.php\/2019\/07\/17\/el-volkswagen-t-cross-llega-a-colombia\/#breadcrumb","itemListElement":[{"@type":"ListItem","position":1,"name":"Portada","item":"https:\/\/guiarepuestos.com\/"},{"@type":"ListItem","position":2,"name":"El Volkswagen T-Cross llega a Colombia"}]},{"@type":"WebSite","@id":"https:\/\/guiarepuestos.com\/#website","url":"https:\/\/guiarepuestos.com\/","name":"guiarepuestos.com","description":"Su Portal Automotriz","publisher":{"@id":"https:\/\/guiarepuestos.com\/#organization"},"potentialAction":[{"@type":"SearchAction","target":{"@type":"EntryPoint","urlTemplate":"https:\/\/guiarepuestos.com\/?s={search_term_string}"},"query-input":{"@type":"PropertyValueSpecification","valueRequired":true,"valueName":"search_term_string"}}],"inLanguage":"es"},{"@type":"Organization","@id":"https:\/\/guiarepuestos.com\/#organization","name":"Guiarepuestos.com","url":"https:\/\/guiarepuestos.com\/","logo":{"@type":"ImageObject","inLanguage":"es","@id":"https:\/\/guiarepuestos.com\/#\/schema\/logo\/image\/","url":"https:\/\/guiarepuestos.com\/wp-content\/uploads\/2024\/03\/logo-footer-8.png","contentUrl":"https:\/\/guiarepuestos.com\/wp-content\/uploads\/2024\/03\/logo-footer-8.png","width":545,"height":115,"caption":"Guiarepuestos.com"},"image":{"@id":"https:\/\/guiarepuestos.com\/#\/schema\/logo\/image\/"},"sameAs":["https:\/\/www.facebook.com\/guiarepuestosweb","https:\/\/x.com\/guiarepuestos","https:\/\/www.instagram.com\/guiarepuestos\/"]},{"@type":"Person","@id":"https:\/\/guiarepuestos.com\/#\/schema\/person\/fdee817b310ec251c8e15193998046bd","name":"administrador","image":{"@type":"ImageObject","inLanguage":"es","@id":"https:\/\/secure.gravatar.com\/avatar\/1ecb4a006177178f006f8caa27f9189b2c7e89f103e6494148edeb86d1084fe6?s=96&d=mm&r=g","url":"https:\/\/secure.gravatar.com\/avatar\/1ecb4a006177178f006f8caa27f9189b2c7e89f103e6494148edeb86d1084fe6?s=96&d=mm&r=g","contentUrl":"https:\/\/secure.gravatar.com\/avatar\/1ecb4a006177178f006f8caa27f9189b2c7e89f103e6494148edeb86d1084fe6?s=96&d=mm&r=g","caption":"administrador"},"sameAs":["https:\/\/guiarepuestos.com"],"url":"https:\/\/guiarepuestos.com\/index.php\/author\/administrador\/"}]}},"publishpress_future_action":{"enabled":false,"date":"2026-05-08 23:07:52","action":"change-status","newStatus":"draft","terms":[],"taxonomy":"category","extraData":[]},"publishpress_future_workflow_manual_trigger":{"enabledWorkflows":[]},"_links":{"self":[{"href":"https:\/\/guiarepuestos.com\/index.php\/wp-json\/wp\/v2\/posts\/15371","targetHints":{"allow":["GET"]}}],"collection":[{"href":"https:\/\/guiarepuestos.com\/index.php\/wp-json\/wp\/v2\/posts"}],"about":[{"href":"https:\/\/guiarepuestos.com\/index.php\/wp-json\/wp\/v2\/types\/post"}],"author":[{"embeddable":true,"href":"https:\/\/guiarepuestos.com\/index.php\/wp-json\/wp\/v2\/users\/1"}],"replies":[{"embeddable":true,"href":"https:\/\/guiarepuestos.com\/index.php\/wp-json\/wp\/v2\/comments?post=15371"}],"version-history":[{"count":2,"href":"https:\/\/guiarepuestos.com\/index.php\/wp-json\/wp\/v2\/posts\/15371\/revisions"}],"predecessor-version":[{"id":42416,"href":"https:\/\/guiarepuestos.com\/index.php\/wp-json\/wp\/v2\/posts\/15371\/revisions\/42416"}],"wp:featuredmedia":[{"embeddable":true,"href":"https:\/\/guiarepuestos.com\/index.php\/wp-json\/wp\/v2\/media\/42415"}],"wp:attachment":[{"href":"https:\/\/guiarepuestos.com\/index.php\/wp-json\/wp\/v2\/media?parent=15371"}],"wp:term":[{"taxonomy":"category","embeddable":true,"href":"https:\/\/guiarepuestos.com\/index.php\/wp-json\/wp\/v2\/categories?post=15371"},{"taxonomy":"post_tag","embeddable":true,"href":"https:\/\/guiarepuestos.com\/index.php\/wp-json\/wp\/v2\/tags?post=15371"}],"curies":[{"name":"wp","href":"https:\/\/api.w.org\/{rel}","templated":true}]}}