{"id":12867,"date":"2019-03-03T03:07:13","date_gmt":"2019-03-03T03:07:13","guid":{"rendered":"http:\/\/guiarepuestos.com\/?p=12867"},"modified":"2025-01-19T04:11:42","modified_gmt":"2025-01-19T03:11:42","slug":"asi-ha-restaurado-lamborghini-el-miura-sv-de-jean-todt-expuesto-ahora-en-el-retromobile-de-paris","status":"publish","type":"post","link":"https:\/\/guiarepuestos.com\/index.php\/2019\/03\/03\/asi-ha-restaurado-lamborghini-el-miura-sv-de-jean-todt-expuesto-ahora-en-el-retromobile-de-paris\/","title":{"rendered":"As\u00ed ha restaurado Lamborghini el Miura SV de Jean Todt, expuesto ahora en el R\u00e9tromobile de Par\u00eds"},"content":{"rendered":"<p style=\"text-align: justify;\">Ya hemos hablado en diversas ocasiones de la divisi&oacute;n de cl&aacute;sicos de&nbsp;<strong><a href=\"https:\/\/guiarepuestos.com\/index.php\/2019\/08\/11\/cierran-una-fabrica-brasilena-que-producia-bajo-pedido-copias-de-superdeportivos-ferrari-y-lamborghini\/\">Lamborghini<\/a><\/strong>&nbsp;o&nbsp;Polo Storico, lanzada all&aacute; por 2015, y desde entonces hemos ido conociendo sus diferentes trabajos. Hoy les traemos el &uacute;ltimo de ellos, un <strong>Lamborghini <a href=\"https:\/\/guiarepuestos.com\/index.php\/2019\/08\/18\/encuentran-lamborghini-miura-que-paso-50-anos-oculto-en-una-bodega-se-vendera-en-mas-de-un-millon-de-dolares\/\">Miura<\/a> SV<\/strong>&nbsp;de 1972 y de color rojo, totalmente restaurado.<\/p>\n<p style=\"text-align: justify;\">La firma de Sant&rsquo;Agata Bolognese ha presentado el coche en el&nbsp;<strong>R&eacute;tromobile<\/strong>&nbsp;de Par&iacute;s, y se trata en concreto de un veh&iacute;culo que pertenece a&nbsp;<strong>Jean Todt<\/strong>, actual presidente de la <a href=\"https:\/\/guiarepuestos.com\/index.php\/2024\/04\/13\/el-increible-bugatti-bolide-un-bolido-que-redefine-la-experiencia-del-rendimiento\/\">FIA<\/a>, a quien le entreg&oacute; las llaves Stefano Domenicali, <a href=\"https:\/\/guiarepuestos.com\/index.php\/2024\/09\/15\/ford-motors-company-nombra-nuevo-ceo-para-mexico-puerto-rico-centroamerica-y-el-caribe\/\">CEO<\/a> de la marca, durante una ceremonia oficial en el sal&oacute;n parisino.<\/p>\n<p><img loading=\"lazy\" decoding=\"async\" class=\"alignnone size-full wp-image-41373\" src=\"https:\/\/guiarepuestos.com\/wp-content\/uploads\/2019\/03\/1366_2000-49.jpg\" alt=\"\" width=\"1366\" height=\"911\" srcset=\"https:\/\/guiarepuestos.com\/wp-content\/uploads\/2019\/03\/1366_2000-49.jpg 1366w, https:\/\/guiarepuestos.com\/wp-content\/uploads\/2019\/03\/1366_2000-49-300x200.jpg 300w, https:\/\/guiarepuestos.com\/wp-content\/uploads\/2019\/03\/1366_2000-49-1024x683.jpg 1024w, https:\/\/guiarepuestos.com\/wp-content\/uploads\/2019\/03\/1366_2000-49-768x512.jpg 768w, https:\/\/guiarepuestos.com\/wp-content\/uploads\/2019\/03\/1366_2000-49-800x534.jpg 800w, https:\/\/guiarepuestos.com\/wp-content\/uploads\/2019\/03\/1366_2000-49-150x100.jpg 150w, https:\/\/guiarepuestos.com\/wp-content\/uploads\/2019\/03\/1366_2000-49-696x464.jpg 696w, https:\/\/guiarepuestos.com\/wp-content\/uploads\/2019\/03\/1366_2000-49-1068x712.jpg 1068w, https:\/\/guiarepuestos.com\/wp-content\/uploads\/2019\/03\/1366_2000-49-600x400.jpg 600w\" sizes=\"auto, (max-width: 1366px) 100vw, 1366px\"\/><\/p>\n<p style=\"text-align: justify;\">Este Miura SV, nacido el 11 de noviembre de <strong>1972<\/strong>&nbsp;con n&uacute;mero de <a href=\"https:\/\/guiarepuestos.com\/index.php\/2025\/11\/01\/novitec-pule-el-ferrari-12cilindri-diseno-escape-y-chasis\/\">chasis<\/a> 3673 (que originalmente pertenec&iacute;a a un Miura S de 1968 siniestrado en un accidente) y pintado en&nbsp;<strong>Rosso Corsa<\/strong>, fue entregado a su due&ntilde;o en Sud&aacute;frica a finales de aquel a&ntilde;o. Luc&iacute;a una franja dorada y un interior en cuero negro, es decir, la&nbsp;<strong>misma especificaci&oacute;n que tiene hoy en d&iacute;a<\/strong>, restaurado 47 a&ntilde;os despu&eacute;s.<\/p>\n<h2><img loading=\"lazy\" decoding=\"async\" class=\"alignnone size-full wp-image-41374\" src=\"https:\/\/guiarepuestos.com\/wp-content\/uploads\/2019\/03\/1366_2000-50.jpg\" alt=\"\" width=\"1366\" height=\"911\" srcset=\"https:\/\/guiarepuestos.com\/wp-content\/uploads\/2019\/03\/1366_2000-50.jpg 1366w, https:\/\/guiarepuestos.com\/wp-content\/uploads\/2019\/03\/1366_2000-50-300x200.jpg 300w, https:\/\/guiarepuestos.com\/wp-content\/uploads\/2019\/03\/1366_2000-50-1024x683.jpg 1024w, https:\/\/guiarepuestos.com\/wp-content\/uploads\/2019\/03\/1366_2000-50-768x512.jpg 768w, https:\/\/guiarepuestos.com\/wp-content\/uploads\/2019\/03\/1366_2000-50-800x534.jpg 800w, https:\/\/guiarepuestos.com\/wp-content\/uploads\/2019\/03\/1366_2000-50-150x100.jpg 150w, https:\/\/guiarepuestos.com\/wp-content\/uploads\/2019\/03\/1366_2000-50-696x464.jpg 696w, https:\/\/guiarepuestos.com\/wp-content\/uploads\/2019\/03\/1366_2000-50-1068x712.jpg 1068w, https:\/\/guiarepuestos.com\/wp-content\/uploads\/2019\/03\/1366_2000-50-600x400.jpg 600w\" sizes=\"auto, (max-width: 1366px) 100vw, 1366px\"\/><\/h2>\n<h2 style=\"text-align: justify;\"><strong>M&aacute;s de un a&ntilde;o de trabajo de restauraci&oacute;n<\/strong><\/h2>\n<p style=\"text-align: justify;\">Seg&uacute;n Polo Storico, la restauraci&oacute;n de este Miura S ha llevado&nbsp;<strong>13 meses de trabajo<\/strong>&nbsp;y supuso el desmontaje completo del veh&iacute;culo para la comprobaci&oacute;n de todos y cada uno de sus componentes: chasis, carrocer&iacute;a, interior, etc&hellip; El modelo lleg&oacute; a <a href=\"https:\/\/guiarepuestos.com\/index.php\/2025\/05\/20\/verstappen-resiste-en-imola-y-norris-lo-acorrala-en-el-final\/\">Italia<\/a> &laquo;entero&raquo;, pero claramente envejecido.<\/p>\n<p><img loading=\"lazy\" decoding=\"async\" class=\"alignnone size-full wp-image-41375\" src=\"https:\/\/guiarepuestos.com\/wp-content\/uploads\/2019\/03\/1366_2000-51.jpg\" alt=\"\" width=\"1366\" height=\"911\" srcset=\"https:\/\/guiarepuestos.com\/wp-content\/uploads\/2019\/03\/1366_2000-51.jpg 1366w, https:\/\/guiarepuestos.com\/wp-content\/uploads\/2019\/03\/1366_2000-51-300x200.jpg 300w, https:\/\/guiarepuestos.com\/wp-content\/uploads\/2019\/03\/1366_2000-51-1024x683.jpg 1024w, https:\/\/guiarepuestos.com\/wp-content\/uploads\/2019\/03\/1366_2000-51-768x512.jpg 768w, https:\/\/guiarepuestos.com\/wp-content\/uploads\/2019\/03\/1366_2000-51-800x534.jpg 800w, https:\/\/guiarepuestos.com\/wp-content\/uploads\/2019\/03\/1366_2000-51-150x100.jpg 150w, https:\/\/guiarepuestos.com\/wp-content\/uploads\/2019\/03\/1366_2000-51-696x464.jpg 696w, https:\/\/guiarepuestos.com\/wp-content\/uploads\/2019\/03\/1366_2000-51-1068x712.jpg 1068w, https:\/\/guiarepuestos.com\/wp-content\/uploads\/2019\/03\/1366_2000-51-600x400.jpg 600w\" sizes=\"auto, (max-width: 1366px) 100vw, 1366px\"\/><\/p>\n<p style=\"text-align: justify;\">La marca hizo <a href=\"https:\/\/guiarepuestos.com\/index.php\/2025\/10\/26\/jeep-renegade-2026-sorprende-con-version-exclusiva-y-mejoras-en-la-gama\/\">especial<\/a> hincapi&eacute; en reparar y restaurar las piezas originales, en lugar de simplemente sustituirlas por nuevas. Hablamos de un modelo con <a href=\"https:\/\/guiarepuestos.com\/index.php\/2024\/09\/20\/el-desafio-de-mandar-a-reparar-un-carro\/\">motor<\/a> <strong>3.9 litros <a href=\"https:\/\/guiarepuestos.com\/index.php\/2024\/05\/06\/ferrari-12cilindri-motor-v12-atmosferico-sin-electrificar-y-diseno-sesentero-para-el-superdeportivo-mas-puro-del-momento\/\">V12<\/a><\/strong>, con cuatro carburadores Weber de triple cuerpo, que en versi&oacute;n SV alcanzaba los&nbsp;<strong>385 CV<\/strong>&nbsp;de potencia a 7.850 rpm y un par m&aacute;ximo del orden de&nbsp;<strong>400 Nm<\/strong>. La caja de cambios era manual de cinco velocidades.<\/p>\n<p><img loading=\"lazy\" decoding=\"async\" class=\"alignnone size-full wp-image-41376\" src=\"https:\/\/guiarepuestos.com\/wp-content\/uploads\/2019\/03\/1366_2000-52.jpg\" alt=\"\" width=\"1366\" height=\"911\" srcset=\"https:\/\/guiarepuestos.com\/wp-content\/uploads\/2019\/03\/1366_2000-52.jpg 1366w, https:\/\/guiarepuestos.com\/wp-content\/uploads\/2019\/03\/1366_2000-52-300x200.jpg 300w, https:\/\/guiarepuestos.com\/wp-content\/uploads\/2019\/03\/1366_2000-52-1024x683.jpg 1024w, https:\/\/guiarepuestos.com\/wp-content\/uploads\/2019\/03\/1366_2000-52-768x512.jpg 768w, https:\/\/guiarepuestos.com\/wp-content\/uploads\/2019\/03\/1366_2000-52-800x534.jpg 800w, https:\/\/guiarepuestos.com\/wp-content\/uploads\/2019\/03\/1366_2000-52-150x100.jpg 150w, https:\/\/guiarepuestos.com\/wp-content\/uploads\/2019\/03\/1366_2000-52-696x464.jpg 696w, https:\/\/guiarepuestos.com\/wp-content\/uploads\/2019\/03\/1366_2000-52-1068x712.jpg 1068w, https:\/\/guiarepuestos.com\/wp-content\/uploads\/2019\/03\/1366_2000-52-600x400.jpg 600w\" sizes=\"auto, (max-width: 1366px) 100vw, 1366px\"\/><\/p>\n<p style=\"text-align: justify;\">Debido al aumento de potencia, el SV tambi&eacute;n goz&oacute; de un <strong>redise&ntilde;o de la suspensi&oacute;n trasera<\/strong>&nbsp;(de dobles tri&aacute;ngulos en ambos ejes) y neum&aacute;ticos m&aacute;s anchos detr&aacute;s (255\/60 VR 15). Seg&uacute;n ficha t&eacute;cnica, era capaz de acelerar de 0 a 100 km\/h en poco m&aacute;s de 5 segundos y alcanzar los 300 km\/h.<\/p>\n<p style=\"text-align: justify;\">Fuente: motorpasion.com<\/p>\n","protected":false},"excerpt":{"rendered":"<p>Ya hemos hablado en diversas ocasiones de la divisi&oacute;n de cl&aacute;sicos de&nbsp;Lamborghini&nbsp;o&nbsp;Polo Storico, lanzada all&aacute; por 2015, y desde entonces hemos ido conociendo sus diferentes trabajos. Hoy les traemos el &uacute;ltimo de ellos, un Lamborghini Miura SV&nbsp;de 1972 y de color rojo, totalmente restaurado. La firma de Sant&rsquo;Agata Bolognese ha presentado el coche en el&nbsp;R&eacute;tromobile&nbsp;de<\/p>\n","protected":false},"author":1,"featured_media":41372,"comment_status":"open","ping_status":"open","sticky":false,"template":"","format":"standard","meta":{"wp_mapbox_gl_js_media":[],"_ayudawp_aiss_exclude":false,"footnotes":""},"categories":[176,174],"tags":[233,484,209,370],"class_list":{"0":"post-12867","1":"post","2":"type-post","3":"status-publish","4":"format-standard","5":"has-post-thumbnail","7":"category-custom","8":"category-noticias","9":"tag-clasico","10":"tag-historia","11":"tag-lamborghini","12":"tag-miura"},"yoast_head":"<!-- This site is optimized with the Yoast SEO plugin v27.4 - https:\/\/yoast.com\/product\/yoast-seo-wordpress\/ -->\n<title>As\u00ed ha restaurado Lamborghini el Miura SV de Jean Todt, expuesto ahora en el R\u00e9tromobile de Par\u00eds - guiarepuestos<\/title>\n<meta name=\"description\" content=\"Ya hemos hablado en diversas ocasiones de la divisi\u00f3n de cl\u00e1sicos de Lamborghini o Polo Storico, lanzada all\u00e1 por 2015, y desde entonces...\" \/>\n<meta name=\"robots\" content=\"index, follow, max-snippet:-1, max-image-preview:large, max-video-preview:-1\" \/>\n<link rel=\"canonical\" href=\"https:\/\/guiarepuestos.com\/index.php\/2019\/03\/03\/asi-ha-restaurado-lamborghini-el-miura-sv-de-jean-todt-expuesto-ahora-en-el-retromobile-de-paris\/\" \/>\n<meta property=\"og:locale\" content=\"es_ES\" \/>\n<meta property=\"og:type\" content=\"article\" \/>\n<meta property=\"og:title\" content=\"As\u00ed ha restaurado Lamborghini el Miura SV de Jean Todt, expuesto ahora en el R\u00e9tromobile de Par\u00eds - guiarepuestos\" \/>\n<meta property=\"og:description\" content=\"Ya hemos hablado en diversas ocasiones de la divisi\u00f3n de cl\u00e1sicos de Lamborghini o Polo Storico, lanzada all\u00e1 por 2015, y desde entonces...\" \/>\n<meta property=\"og:url\" content=\"https:\/\/guiarepuestos.com\/index.php\/2019\/03\/03\/asi-ha-restaurado-lamborghini-el-miura-sv-de-jean-todt-expuesto-ahora-en-el-retromobile-de-paris\/\" \/>\n<meta property=\"og:site_name\" content=\"guiarepuestos\" \/>\n<meta property=\"article:publisher\" content=\"https:\/\/www.facebook.com\/guiarepuestosweb\" \/>\n<meta property=\"article:published_time\" content=\"2019-03-03T03:07:13+00:00\" \/>\n<meta property=\"article:modified_time\" content=\"2025-01-19T03:11:42+00:00\" \/>\n<meta property=\"og:image\" content=\"https:\/\/guiarepuestos.com\/wp-content\/uploads\/2019\/03\/1366_2000-48.jpg\" \/>\n\t<meta property=\"og:image:width\" content=\"1366\" \/>\n\t<meta property=\"og:image:height\" content=\"911\" \/>\n\t<meta property=\"og:image:type\" content=\"image\/jpeg\" \/>\n<meta name=\"author\" content=\"administrador\" \/>\n<meta name=\"twitter:card\" content=\"summary_large_image\" \/>\n<meta name=\"twitter:creator\" content=\"@guiarepuestos\" \/>\n<meta name=\"twitter:site\" content=\"@guiarepuestos\" \/>\n<meta name=\"twitter:label1\" content=\"Escrito por\" \/>\n\t<meta name=\"twitter:data1\" content=\"administrador\" \/>\n\t<meta name=\"twitter:label2\" content=\"Tiempo de lectura\" \/>\n\t<meta name=\"twitter:data2\" content=\"3 minutos\" \/>\n<script type=\"application\/ld+json\" class=\"yoast-schema-graph\">{\"@context\":\"https:\\\/\\\/schema.org\",\"@graph\":[{\"@type\":\"Article\",\"@id\":\"https:\\\/\\\/guiarepuestos.com\\\/index.php\\\/2019\\\/03\\\/03\\\/asi-ha-restaurado-lamborghini-el-miura-sv-de-jean-todt-expuesto-ahora-en-el-retromobile-de-paris\\\/#article\",\"isPartOf\":{\"@id\":\"https:\\\/\\\/guiarepuestos.com\\\/index.php\\\/2019\\\/03\\\/03\\\/asi-ha-restaurado-lamborghini-el-miura-sv-de-jean-todt-expuesto-ahora-en-el-retromobile-de-paris\\\/\"},\"author\":{\"name\":\"administrador\",\"@id\":\"https:\\\/\\\/guiarepuestos.com\\\/#\\\/schema\\\/person\\\/fdee817b310ec251c8e15193998046bd\"},\"headline\":\"As\u00ed ha restaurado Lamborghini el Miura SV de Jean Todt, expuesto ahora en el R\u00e9tromobile de Par\u00eds\",\"datePublished\":\"2019-03-03T03:07:13+00:00\",\"dateModified\":\"2025-01-19T03:11:42+00:00\",\"mainEntityOfPage\":{\"@id\":\"https:\\\/\\\/guiarepuestos.com\\\/index.php\\\/2019\\\/03\\\/03\\\/asi-ha-restaurado-lamborghini-el-miura-sv-de-jean-todt-expuesto-ahora-en-el-retromobile-de-paris\\\/\"},\"wordCount\":385,\"commentCount\":0,\"publisher\":{\"@id\":\"https:\\\/\\\/guiarepuestos.com\\\/#organization\"},\"image\":{\"@id\":\"https:\\\/\\\/guiarepuestos.com\\\/index.php\\\/2019\\\/03\\\/03\\\/asi-ha-restaurado-lamborghini-el-miura-sv-de-jean-todt-expuesto-ahora-en-el-retromobile-de-paris\\\/#primaryimage\"},\"thumbnailUrl\":\"https:\\\/\\\/guiarepuestos.com\\\/wp-content\\\/uploads\\\/2019\\\/03\\\/1366_2000-48.jpg\",\"keywords\":[\"#Cl\u00e1sico\",\"#Historia\",\"#Lamborghini\",\"#Miura\"],\"articleSection\":[\"Custom\",\"Noticias\"],\"inLanguage\":\"es\",\"potentialAction\":[{\"@type\":\"CommentAction\",\"name\":\"Comment\",\"target\":[\"https:\\\/\\\/guiarepuestos.com\\\/index.php\\\/2019\\\/03\\\/03\\\/asi-ha-restaurado-lamborghini-el-miura-sv-de-jean-todt-expuesto-ahora-en-el-retromobile-de-paris\\\/#respond\"]}]},{\"@type\":\"WebPage\",\"@id\":\"https:\\\/\\\/guiarepuestos.com\\\/index.php\\\/2019\\\/03\\\/03\\\/asi-ha-restaurado-lamborghini-el-miura-sv-de-jean-todt-expuesto-ahora-en-el-retromobile-de-paris\\\/\",\"url\":\"https:\\\/\\\/guiarepuestos.com\\\/index.php\\\/2019\\\/03\\\/03\\\/asi-ha-restaurado-lamborghini-el-miura-sv-de-jean-todt-expuesto-ahora-en-el-retromobile-de-paris\\\/\",\"name\":\"As\u00ed ha restaurado Lamborghini el Miura SV de Jean Todt, expuesto ahora en el R\u00e9tromobile de Par\u00eds - guiarepuestos\",\"isPartOf\":{\"@id\":\"https:\\\/\\\/guiarepuestos.com\\\/#website\"},\"primaryImageOfPage\":{\"@id\":\"https:\\\/\\\/guiarepuestos.com\\\/index.php\\\/2019\\\/03\\\/03\\\/asi-ha-restaurado-lamborghini-el-miura-sv-de-jean-todt-expuesto-ahora-en-el-retromobile-de-paris\\\/#primaryimage\"},\"image\":{\"@id\":\"https:\\\/\\\/guiarepuestos.com\\\/index.php\\\/2019\\\/03\\\/03\\\/asi-ha-restaurado-lamborghini-el-miura-sv-de-jean-todt-expuesto-ahora-en-el-retromobile-de-paris\\\/#primaryimage\"},\"thumbnailUrl\":\"https:\\\/\\\/guiarepuestos.com\\\/wp-content\\\/uploads\\\/2019\\\/03\\\/1366_2000-48.jpg\",\"datePublished\":\"2019-03-03T03:07:13+00:00\",\"dateModified\":\"2025-01-19T03:11:42+00:00\",\"description\":\"Ya hemos hablado en diversas ocasiones de la divisi\u00f3n de cl\u00e1sicos de Lamborghini o Polo Storico, lanzada all\u00e1 por 2015, y desde entonces...\",\"breadcrumb\":{\"@id\":\"https:\\\/\\\/guiarepuestos.com\\\/index.php\\\/2019\\\/03\\\/03\\\/asi-ha-restaurado-lamborghini-el-miura-sv-de-jean-todt-expuesto-ahora-en-el-retromobile-de-paris\\\/#breadcrumb\"},\"inLanguage\":\"es\",\"potentialAction\":[{\"@type\":\"ReadAction\",\"target\":[\"https:\\\/\\\/guiarepuestos.com\\\/index.php\\\/2019\\\/03\\\/03\\\/asi-ha-restaurado-lamborghini-el-miura-sv-de-jean-todt-expuesto-ahora-en-el-retromobile-de-paris\\\/\"]}]},{\"@type\":\"ImageObject\",\"inLanguage\":\"es\",\"@id\":\"https:\\\/\\\/guiarepuestos.com\\\/index.php\\\/2019\\\/03\\\/03\\\/asi-ha-restaurado-lamborghini-el-miura-sv-de-jean-todt-expuesto-ahora-en-el-retromobile-de-paris\\\/#primaryimage\",\"url\":\"https:\\\/\\\/guiarepuestos.com\\\/wp-content\\\/uploads\\\/2019\\\/03\\\/1366_2000-48.jpg\",\"contentUrl\":\"https:\\\/\\\/guiarepuestos.com\\\/wp-content\\\/uploads\\\/2019\\\/03\\\/1366_2000-48.jpg\",\"width\":1366,\"height\":911},{\"@type\":\"BreadcrumbList\",\"@id\":\"https:\\\/\\\/guiarepuestos.com\\\/index.php\\\/2019\\\/03\\\/03\\\/asi-ha-restaurado-lamborghini-el-miura-sv-de-jean-todt-expuesto-ahora-en-el-retromobile-de-paris\\\/#breadcrumb\",\"itemListElement\":[{\"@type\":\"ListItem\",\"position\":1,\"name\":\"Portada\",\"item\":\"https:\\\/\\\/guiarepuestos.com\\\/\"},{\"@type\":\"ListItem\",\"position\":2,\"name\":\"As\u00ed ha restaurado Lamborghini el Miura SV de Jean Todt, expuesto ahora en el R\u00e9tromobile de Par\u00eds\"}]},{\"@type\":\"WebSite\",\"@id\":\"https:\\\/\\\/guiarepuestos.com\\\/#website\",\"url\":\"https:\\\/\\\/guiarepuestos.com\\\/\",\"name\":\"guiarepuestos.com\",\"description\":\"Su Portal Automotriz\",\"publisher\":{\"@id\":\"https:\\\/\\\/guiarepuestos.com\\\/#organization\"},\"potentialAction\":[{\"@type\":\"SearchAction\",\"target\":{\"@type\":\"EntryPoint\",\"urlTemplate\":\"https:\\\/\\\/guiarepuestos.com\\\/?s={search_term_string}\"},\"query-input\":{\"@type\":\"PropertyValueSpecification\",\"valueRequired\":true,\"valueName\":\"search_term_string\"}}],\"inLanguage\":\"es\"},{\"@type\":\"Organization\",\"@id\":\"https:\\\/\\\/guiarepuestos.com\\\/#organization\",\"name\":\"Guiarepuestos.com\",\"url\":\"https:\\\/\\\/guiarepuestos.com\\\/\",\"logo\":{\"@type\":\"ImageObject\",\"inLanguage\":\"es\",\"@id\":\"https:\\\/\\\/guiarepuestos.com\\\/#\\\/schema\\\/logo\\\/image\\\/\",\"url\":\"https:\\\/\\\/guiarepuestos.com\\\/wp-content\\\/uploads\\\/2024\\\/03\\\/logo-footer-8.png\",\"contentUrl\":\"https:\\\/\\\/guiarepuestos.com\\\/wp-content\\\/uploads\\\/2024\\\/03\\\/logo-footer-8.png\",\"width\":545,\"height\":115,\"caption\":\"Guiarepuestos.com\"},\"image\":{\"@id\":\"https:\\\/\\\/guiarepuestos.com\\\/#\\\/schema\\\/logo\\\/image\\\/\"},\"sameAs\":[\"https:\\\/\\\/www.facebook.com\\\/guiarepuestosweb\",\"https:\\\/\\\/x.com\\\/guiarepuestos\",\"https:\\\/\\\/www.instagram.com\\\/guiarepuestos\\\/\"]},{\"@type\":\"Person\",\"@id\":\"https:\\\/\\\/guiarepuestos.com\\\/#\\\/schema\\\/person\\\/fdee817b310ec251c8e15193998046bd\",\"name\":\"administrador\",\"image\":{\"@type\":\"ImageObject\",\"inLanguage\":\"es\",\"@id\":\"https:\\\/\\\/secure.gravatar.com\\\/avatar\\\/1ecb4a006177178f006f8caa27f9189b2c7e89f103e6494148edeb86d1084fe6?s=96&d=mm&r=g\",\"url\":\"https:\\\/\\\/secure.gravatar.com\\\/avatar\\\/1ecb4a006177178f006f8caa27f9189b2c7e89f103e6494148edeb86d1084fe6?s=96&d=mm&r=g\",\"contentUrl\":\"https:\\\/\\\/secure.gravatar.com\\\/avatar\\\/1ecb4a006177178f006f8caa27f9189b2c7e89f103e6494148edeb86d1084fe6?s=96&d=mm&r=g\",\"caption\":\"administrador\"},\"sameAs\":[\"https:\\\/\\\/guiarepuestos.com\"],\"url\":\"https:\\\/\\\/guiarepuestos.com\\\/index.php\\\/author\\\/administrador\\\/\"}]}<\/script>\n<!-- \/ Yoast SEO plugin. -->","yoast_head_json":{"title":"As\u00ed ha restaurado Lamborghini el Miura SV de Jean Todt, expuesto ahora en el R\u00e9tromobile de Par\u00eds - guiarepuestos","description":"Ya hemos hablado en diversas ocasiones de la divisi\u00f3n de cl\u00e1sicos de Lamborghini o Polo Storico, lanzada all\u00e1 por 2015, y desde entonces...","robots":{"index":"index","follow":"follow","max-snippet":"max-snippet:-1","max-image-preview":"max-image-preview:large","max-video-preview":"max-video-preview:-1"},"canonical":"https:\/\/guiarepuestos.com\/index.php\/2019\/03\/03\/asi-ha-restaurado-lamborghini-el-miura-sv-de-jean-todt-expuesto-ahora-en-el-retromobile-de-paris\/","og_locale":"es_ES","og_type":"article","og_title":"As\u00ed ha restaurado Lamborghini el Miura SV de Jean Todt, expuesto ahora en el R\u00e9tromobile de Par\u00eds - guiarepuestos","og_description":"Ya hemos hablado en diversas ocasiones de la divisi\u00f3n de cl\u00e1sicos de Lamborghini o Polo Storico, lanzada all\u00e1 por 2015, y desde entonces...","og_url":"https:\/\/guiarepuestos.com\/index.php\/2019\/03\/03\/asi-ha-restaurado-lamborghini-el-miura-sv-de-jean-todt-expuesto-ahora-en-el-retromobile-de-paris\/","og_site_name":"guiarepuestos","article_publisher":"https:\/\/www.facebook.com\/guiarepuestosweb","article_published_time":"2019-03-03T03:07:13+00:00","article_modified_time":"2025-01-19T03:11:42+00:00","og_image":[{"width":1366,"height":911,"url":"https:\/\/guiarepuestos.com\/wp-content\/uploads\/2019\/03\/1366_2000-48.jpg","type":"image\/jpeg"}],"author":"administrador","twitter_card":"summary_large_image","twitter_creator":"@guiarepuestos","twitter_site":"@guiarepuestos","twitter_misc":{"Escrito por":"administrador","Tiempo de lectura":"3 minutos"},"schema":{"@context":"https:\/\/schema.org","@graph":[{"@type":"Article","@id":"https:\/\/guiarepuestos.com\/index.php\/2019\/03\/03\/asi-ha-restaurado-lamborghini-el-miura-sv-de-jean-todt-expuesto-ahora-en-el-retromobile-de-paris\/#article","isPartOf":{"@id":"https:\/\/guiarepuestos.com\/index.php\/2019\/03\/03\/asi-ha-restaurado-lamborghini-el-miura-sv-de-jean-todt-expuesto-ahora-en-el-retromobile-de-paris\/"},"author":{"name":"administrador","@id":"https:\/\/guiarepuestos.com\/#\/schema\/person\/fdee817b310ec251c8e15193998046bd"},"headline":"As\u00ed ha restaurado Lamborghini el Miura SV de Jean Todt, expuesto ahora en el R\u00e9tromobile de Par\u00eds","datePublished":"2019-03-03T03:07:13+00:00","dateModified":"2025-01-19T03:11:42+00:00","mainEntityOfPage":{"@id":"https:\/\/guiarepuestos.com\/index.php\/2019\/03\/03\/asi-ha-restaurado-lamborghini-el-miura-sv-de-jean-todt-expuesto-ahora-en-el-retromobile-de-paris\/"},"wordCount":385,"commentCount":0,"publisher":{"@id":"https:\/\/guiarepuestos.com\/#organization"},"image":{"@id":"https:\/\/guiarepuestos.com\/index.php\/2019\/03\/03\/asi-ha-restaurado-lamborghini-el-miura-sv-de-jean-todt-expuesto-ahora-en-el-retromobile-de-paris\/#primaryimage"},"thumbnailUrl":"https:\/\/guiarepuestos.com\/wp-content\/uploads\/2019\/03\/1366_2000-48.jpg","keywords":["#Cl\u00e1sico","#Historia","#Lamborghini","#Miura"],"articleSection":["Custom","Noticias"],"inLanguage":"es","potentialAction":[{"@type":"CommentAction","name":"Comment","target":["https:\/\/guiarepuestos.com\/index.php\/2019\/03\/03\/asi-ha-restaurado-lamborghini-el-miura-sv-de-jean-todt-expuesto-ahora-en-el-retromobile-de-paris\/#respond"]}]},{"@type":"WebPage","@id":"https:\/\/guiarepuestos.com\/index.php\/2019\/03\/03\/asi-ha-restaurado-lamborghini-el-miura-sv-de-jean-todt-expuesto-ahora-en-el-retromobile-de-paris\/","url":"https:\/\/guiarepuestos.com\/index.php\/2019\/03\/03\/asi-ha-restaurado-lamborghini-el-miura-sv-de-jean-todt-expuesto-ahora-en-el-retromobile-de-paris\/","name":"As\u00ed ha restaurado Lamborghini el Miura SV de Jean Todt, expuesto ahora en el R\u00e9tromobile de Par\u00eds - guiarepuestos","isPartOf":{"@id":"https:\/\/guiarepuestos.com\/#website"},"primaryImageOfPage":{"@id":"https:\/\/guiarepuestos.com\/index.php\/2019\/03\/03\/asi-ha-restaurado-lamborghini-el-miura-sv-de-jean-todt-expuesto-ahora-en-el-retromobile-de-paris\/#primaryimage"},"image":{"@id":"https:\/\/guiarepuestos.com\/index.php\/2019\/03\/03\/asi-ha-restaurado-lamborghini-el-miura-sv-de-jean-todt-expuesto-ahora-en-el-retromobile-de-paris\/#primaryimage"},"thumbnailUrl":"https:\/\/guiarepuestos.com\/wp-content\/uploads\/2019\/03\/1366_2000-48.jpg","datePublished":"2019-03-03T03:07:13+00:00","dateModified":"2025-01-19T03:11:42+00:00","description":"Ya hemos hablado en diversas ocasiones de la divisi\u00f3n de cl\u00e1sicos de Lamborghini o Polo Storico, lanzada all\u00e1 por 2015, y desde entonces...","breadcrumb":{"@id":"https:\/\/guiarepuestos.com\/index.php\/2019\/03\/03\/asi-ha-restaurado-lamborghini-el-miura-sv-de-jean-todt-expuesto-ahora-en-el-retromobile-de-paris\/#breadcrumb"},"inLanguage":"es","potentialAction":[{"@type":"ReadAction","target":["https:\/\/guiarepuestos.com\/index.php\/2019\/03\/03\/asi-ha-restaurado-lamborghini-el-miura-sv-de-jean-todt-expuesto-ahora-en-el-retromobile-de-paris\/"]}]},{"@type":"ImageObject","inLanguage":"es","@id":"https:\/\/guiarepuestos.com\/index.php\/2019\/03\/03\/asi-ha-restaurado-lamborghini-el-miura-sv-de-jean-todt-expuesto-ahora-en-el-retromobile-de-paris\/#primaryimage","url":"https:\/\/guiarepuestos.com\/wp-content\/uploads\/2019\/03\/1366_2000-48.jpg","contentUrl":"https:\/\/guiarepuestos.com\/wp-content\/uploads\/2019\/03\/1366_2000-48.jpg","width":1366,"height":911},{"@type":"BreadcrumbList","@id":"https:\/\/guiarepuestos.com\/index.php\/2019\/03\/03\/asi-ha-restaurado-lamborghini-el-miura-sv-de-jean-todt-expuesto-ahora-en-el-retromobile-de-paris\/#breadcrumb","itemListElement":[{"@type":"ListItem","position":1,"name":"Portada","item":"https:\/\/guiarepuestos.com\/"},{"@type":"ListItem","position":2,"name":"As\u00ed ha restaurado Lamborghini el Miura SV de Jean Todt, expuesto ahora en el R\u00e9tromobile de Par\u00eds"}]},{"@type":"WebSite","@id":"https:\/\/guiarepuestos.com\/#website","url":"https:\/\/guiarepuestos.com\/","name":"guiarepuestos.com","description":"Su Portal Automotriz","publisher":{"@id":"https:\/\/guiarepuestos.com\/#organization"},"potentialAction":[{"@type":"SearchAction","target":{"@type":"EntryPoint","urlTemplate":"https:\/\/guiarepuestos.com\/?s={search_term_string}"},"query-input":{"@type":"PropertyValueSpecification","valueRequired":true,"valueName":"search_term_string"}}],"inLanguage":"es"},{"@type":"Organization","@id":"https:\/\/guiarepuestos.com\/#organization","name":"Guiarepuestos.com","url":"https:\/\/guiarepuestos.com\/","logo":{"@type":"ImageObject","inLanguage":"es","@id":"https:\/\/guiarepuestos.com\/#\/schema\/logo\/image\/","url":"https:\/\/guiarepuestos.com\/wp-content\/uploads\/2024\/03\/logo-footer-8.png","contentUrl":"https:\/\/guiarepuestos.com\/wp-content\/uploads\/2024\/03\/logo-footer-8.png","width":545,"height":115,"caption":"Guiarepuestos.com"},"image":{"@id":"https:\/\/guiarepuestos.com\/#\/schema\/logo\/image\/"},"sameAs":["https:\/\/www.facebook.com\/guiarepuestosweb","https:\/\/x.com\/guiarepuestos","https:\/\/www.instagram.com\/guiarepuestos\/"]},{"@type":"Person","@id":"https:\/\/guiarepuestos.com\/#\/schema\/person\/fdee817b310ec251c8e15193998046bd","name":"administrador","image":{"@type":"ImageObject","inLanguage":"es","@id":"https:\/\/secure.gravatar.com\/avatar\/1ecb4a006177178f006f8caa27f9189b2c7e89f103e6494148edeb86d1084fe6?s=96&d=mm&r=g","url":"https:\/\/secure.gravatar.com\/avatar\/1ecb4a006177178f006f8caa27f9189b2c7e89f103e6494148edeb86d1084fe6?s=96&d=mm&r=g","contentUrl":"https:\/\/secure.gravatar.com\/avatar\/1ecb4a006177178f006f8caa27f9189b2c7e89f103e6494148edeb86d1084fe6?s=96&d=mm&r=g","caption":"administrador"},"sameAs":["https:\/\/guiarepuestos.com"],"url":"https:\/\/guiarepuestos.com\/index.php\/author\/administrador\/"}]}},"publishpress_future_action":{"enabled":false,"date":"2026-05-07 04:29:53","action":"change-status","newStatus":"draft","terms":[],"taxonomy":"category","extraData":[]},"publishpress_future_workflow_manual_trigger":{"enabledWorkflows":[]},"_links":{"self":[{"href":"https:\/\/guiarepuestos.com\/index.php\/wp-json\/wp\/v2\/posts\/12867","targetHints":{"allow":["GET"]}}],"collection":[{"href":"https:\/\/guiarepuestos.com\/index.php\/wp-json\/wp\/v2\/posts"}],"about":[{"href":"https:\/\/guiarepuestos.com\/index.php\/wp-json\/wp\/v2\/types\/post"}],"author":[{"embeddable":true,"href":"https:\/\/guiarepuestos.com\/index.php\/wp-json\/wp\/v2\/users\/1"}],"replies":[{"embeddable":true,"href":"https:\/\/guiarepuestos.com\/index.php\/wp-json\/wp\/v2\/comments?post=12867"}],"version-history":[{"count":2,"href":"https:\/\/guiarepuestos.com\/index.php\/wp-json\/wp\/v2\/posts\/12867\/revisions"}],"predecessor-version":[{"id":41377,"href":"https:\/\/guiarepuestos.com\/index.php\/wp-json\/wp\/v2\/posts\/12867\/revisions\/41377"}],"wp:featuredmedia":[{"embeddable":true,"href":"https:\/\/guiarepuestos.com\/index.php\/wp-json\/wp\/v2\/media\/41372"}],"wp:attachment":[{"href":"https:\/\/guiarepuestos.com\/index.php\/wp-json\/wp\/v2\/media?parent=12867"}],"wp:term":[{"taxonomy":"category","embeddable":true,"href":"https:\/\/guiarepuestos.com\/index.php\/wp-json\/wp\/v2\/categories?post=12867"},{"taxonomy":"post_tag","embeddable":true,"href":"https:\/\/guiarepuestos.com\/index.php\/wp-json\/wp\/v2\/tags?post=12867"}],"curies":[{"name":"wp","href":"https:\/\/api.w.org\/{rel}","templated":true}]}}